{"id":1515,"date":"2018-01-17T11:55:53","date_gmt":"2018-01-17T10:55:53","guid":{"rendered":"http:\/\/www.gruene-gladbeck.de\/?p=1515"},"modified":"2018-01-17T12:00:18","modified_gmt":"2018-01-17T11:00:18","slug":"haushaltsrede-von-simone-steffens","status":"publish","type":"post","link":"https:\/\/www.gruene-gladbeck.de\/?p=1515","title":{"rendered":"Haushaltsrede von Simone Steffens"},"content":{"rendered":"<p><a href=\"https:\/\/www.gruene-gladbeck.de\/cms\/wp-content\/uploads\/2017\/09\/simone_steffens_1.jpg\"><img loading=\"lazy\" decoding=\"async\" src=\"https:\/\/www.gruene-gladbeck.de\/cms\/wp-content\/uploads\/2017\/09\/simone_steffens_1-150x150.jpg\" alt=\"\" width=\"150\" height=\"150\" class=\"alignleft size-thumbnail wp-image-1492\" \/><\/a><strong>Im Folgenden dokumentieren wir die Haushaltsrede unserer Fraktionsvorsitzenden Simone Steffens, gehalten in der Ratssitzung am 7. Dezember 2017:<\/strong><\/p>\n<p>Sehr geehrter  B\u00fcrgermeister, sehr geehrte  Damen und Herren,<br \/>\ndas Wichtigste gleich vorweg, unsere Fraktion B\u00fcndnis 90 \/ die Gr\u00fcnen stimmt dem Haushalt 2018 zu und wir tragen den Beschlussentwurf mit, im Notfall die Grundsteuer zu erh\u00f6hen, um  den Haushaltsausgleich zu erreichen.<br \/>\nZiel des vorliegenden Haushaltes ist es, die \u2013 aus unserer Sicht- gute Arbeit der vergangenen Jahre zu sichern, die Lebensqualit\u00e4t in Gladbeck zu halten und in einigen Bereichen sogar zu verbessern.<br \/>\nExemplarisch m\u00f6chte ich<br \/>\n&#8211;\tden Klimaschutz  nennen, mit seinen Ma\u00dfnahmen wie energetische Sanierungen, Teilnahme an Innovation City und dem Radkonzept, welches derzeit erstellt und mit Haushaltsmitteln umgesetzt werden soll<br \/>\n&#8211;\tim Bereich Zuwanderung werden Projekte der Sprachf\u00f6rderung finanziert, um den  Menschen die Teilhabe am gesellschaftlichen Leben in unserer Stadt zu erm\u00f6glichen.<br \/>\nZudem wird 2018 ein gesamtst\u00e4dtisches Integrationskonzept entwickelt, auf welches wir schon sehr gespannt sind.<br \/>\n&#8211;\tMit Hilfe von F\u00f6rdergeldern wird in Schulen investiert, in die Geb\u00e4ude,  in die Gestaltung, in die Digitalisierung,<br \/>\ndie OGS wird an der Josef und Mosaikschule erweitert<br \/>\nmit Hilfe einer Elternbefragung soll die Qualit\u00e4t der OGs weiter verbessert werden<br \/>\n&#8211;\tKitas werden neu gebaut \u2013 um den Rechtsanspruch h auf einen Kindergartenplatz zu gew\u00e4hrleisten, aber auch um die Vereinbarkeit von Familie und Beruf zu erm\u00f6glichen<br \/>\n&#8211;\tIn der Jugendhilfe werden verschiedene Angebote finanziert, um \u201ekein Kind zur\u00fcckzulassen!\u201c<br \/>\n&#8211;\tim Bereich Stadtentwicklung geht der Umbau der Innenstadt weiter und als neues Highlight wird der Sportpark Mottbruchhalde  gestaltet<br \/>\n Dies sind u.a.  Gr\u00fcnde f\u00fcr uns, diesem Haushalt zuzustimmen, auch wenn dieser knapp kalkuliert ist.<br \/>\nDabei gilt unser besonderer Dank, den engagierten Mitarbeiterinnen und Mitarbeitern der Verwaltung, die Projektgelder akquirieren, Projekte planen und umsetzen und sich trotz enger personeller und finanzieller Ressourcen neuen Herausforderungen stellen.<br \/>\nUnser Dank gilt auch den B\u00fcrgerinnen und B\u00fcrgern, die  sich in Gladbeck engagieren und diese Stadt erst lebenswert machen.<br \/>\nF\u00fcr das kommende Haushaltsjahr hoffe ich auf eine konstruktive Zusammenarbeit zwischen B\u00fcrgerschaft, Verwaltung und Politik,<br \/>\num den Herausforderungen wie Klimawandel, Digitalisierung, soziale Gerechtigkeit, Bildungsgerechtigkeit zu begegnen.<br \/>\nDiese Aufgaben erfordern nicht nur Engagement, sondern kosten auch Geld.<br \/>\nDaher fordern wir eine gerechtere Gemeindefinanzierung und ein L\u00f6sung f\u00fcr unsere Altschulden beispielsweise durch einen Schuldenschnitt.<br \/>\nNeben den sozialen Aspekten f\u00fcr die Nutzer m\u00f6chte ich auch auf die \u00f6kologischen Gr\u00fcnde hinweisen. Stichwort abgasfreie Innenst\u00e4dte; wir brauchen einen attraktiven, g\u00fcnstigen \u00f6ffentlichen Nahverkehr. Daher ist das Sozialticket ein Schritt in die richtige Richtung und mu\u00df unbedingt erhalten werden.<\/p>\n<p><em>Lesen Sie auch das WAZ-Interview mit den Fraktionsvorsitzenden Simone Steffens (GR\u00dcNE) und Michael H\u00fcbner (SPD):<\/em><br \/>\n<a href=\"https:\/\/www.waz.de\/staedte\/gladbeck\/die-schwarze-null-im-haushalt-2018-loest-keinen-jubel-aus-id212712081.html\">https:\/\/www.waz.de\/staedte\/gladbeck\/die-schwarze-null-im-haushalt-2018-loest-keinen-jubel-aus-id212712081.html<\/a><\/p>\n","protected":false},"excerpt":{"rendered":"<p>Im Folgenden dokumentieren wir die Haushaltsrede unserer Fraktionsvorsitzenden Simone Steffens, gehalten in der Ratssitzung am 7. Dezember 2017: Sehr geehrter [&hellip;]<\/p>\n","protected":false},"author":-1,"featured_media":0,"comment_status":"closed","ping_status":"closed","sticky":false,"template":"","format":"standard","meta":{"ngg_post_thumbnail":0,"footnotes":""},"categories":[1,4,132],"tags":[],"class_list":["post-1515","post","type-post","status-publish","format-standard","hentry","category-allgemein","category-finanzen","category-verwaltung"],"_links":{"self":[{"href":"https:\/\/www.gruene-gladbeck.de\/index.php?rest_route=\/wp\/v2\/posts\/1515","targetHints":{"allow":["GET"]}}],"collection":[{"href":"https:\/\/www.gruene-gladbeck.de\/index.php?rest_route=\/wp\/v2\/posts"}],"about":[{"href":"https:\/\/www.gruene-gladbeck.de\/index.php?rest_route=\/wp\/v2\/types\/post"}],"author":[{"embeddable":true,"href":"https:\/\/www.gruene-gladbeck.de\/index.php?rest_route=\/wp\/v2\/users\/1"}],"replies":[{"embeddable":true,"href":"https:\/\/www.gruene-gladbeck.de\/index.php?rest_route=%2Fwp%2Fv2%2Fcomments&post=1515"}],"version-history":[{"count":6,"href":"https:\/\/www.gruene-gladbeck.de\/index.php?rest_route=\/wp\/v2\/posts\/1515\/revisions"}],"predecessor-version":[{"id":1521,"href":"https:\/\/www.gruene-gladbeck.de\/index.php?rest_route=\/wp\/v2\/posts\/1515\/revisions\/1521"}],"wp:attachment":[{"href":"https:\/\/www.gruene-gladbeck.de\/index.php?rest_route=%2Fwp%2Fv2%2Fmedia&parent=1515"}],"wp:term":[{"taxonomy":"category","embeddable":true,"href":"https:\/\/www.gruene-gladbeck.de\/index.php?rest_route=%2Fwp%2Fv2%2Fcategories&post=1515"},{"taxonomy":"post_tag","embeddable":true,"href":"https:\/\/www.gruene-gladbeck.de\/index.php?rest_route=%2Fwp%2Fv2%2Ftags&post=1515"}],"curies":[{"name":"wp","href":"https:\/\/api.w.org\/{rel}","templated":true}]}}