{"id":1970,"date":"2019-03-30T08:13:01","date_gmt":"2019-03-30T07:13:01","guid":{"rendered":"http:\/\/www.gruene-gladbeck.de\/?p=1970"},"modified":"2019-03-30T08:13:01","modified_gmt":"2019-03-30T07:13:01","slug":"klimaschutz-vor-ort-das-windrad-als-symbol-fuer-einen-gelungenen-strukturwandel","status":"publish","type":"post","link":"https:\/\/www.gruene-gladbeck.de\/?p=1970","title":{"rendered":"Klimaschutz vor Ort \u2013 das Windrad als Symbol f\u00fcr einen gelungenen Strukturwandel"},"content":{"rendered":"<figure id=\"attachment_1968\" aria-describedby=\"caption-attachment-1968\" style=\"width: 400px\" class=\"wp-caption alignleft\"><a href=\"https:\/\/www.gruene-gladbeck.de\/cms\/wp-content\/uploads\/2019\/03\/Stadtverband_Steag_Mingas-Power.jpg\"><img loading=\"lazy\" decoding=\"async\" class=\"wp-image-1968 size-medium\" src=\"https:\/\/www.gruene-gladbeck.de\/cms\/wp-content\/uploads\/2019\/03\/Stadtverband_Steag_Mingas-Power-400x252.jpg\" alt=\"\" width=\"400\" height=\"252\" srcset=\"https:\/\/www.gruene-gladbeck.de\/cms\/wp-content\/uploads\/2019\/03\/Stadtverband_Steag_Mingas-Power-400x252.jpg 400w, https:\/\/www.gruene-gladbeck.de\/cms\/wp-content\/uploads\/2019\/03\/Stadtverband_Steag_Mingas-Power-768x484.jpg 768w, https:\/\/www.gruene-gladbeck.de\/cms\/wp-content\/uploads\/2019\/03\/Stadtverband_Steag_Mingas-Power-800x505.jpg 800w\" sizes=\"auto, (max-width: 400px) 100vw, 400px\" \/><\/a><figcaption id=\"caption-attachment-1968\" class=\"wp-caption-text\">Vorstandsmitglieder der Gr\u00fcnen in Gladbeck mit den Vertretern der Steag: Peter Kleimann, Florian Adamek, Andreas Rullmann, Ninja Lenz und Gerd Wagner (v.l.)<\/figcaption><\/figure>\n<figure id=\"attachment_1969\" aria-describedby=\"caption-attachment-1969\" style=\"width: 400px\" class=\"wp-caption alignleft\"><a href=\"https:\/\/www.gruene-gladbeck.de\/cms\/wp-content\/uploads\/2019\/03\/Florian_Adamek_Simone_Gerd_Wagner.jpg\"><img loading=\"lazy\" decoding=\"async\" class=\"wp-image-1969 size-medium\" src=\"https:\/\/www.gruene-gladbeck.de\/cms\/wp-content\/uploads\/2019\/03\/Florian_Adamek_Simone_Gerd_Wagner-400x271.jpg\" alt=\"\" width=\"400\" height=\"271\" srcset=\"https:\/\/www.gruene-gladbeck.de\/cms\/wp-content\/uploads\/2019\/03\/Florian_Adamek_Simone_Gerd_Wagner-400x271.jpg 400w, https:\/\/www.gruene-gladbeck.de\/cms\/wp-content\/uploads\/2019\/03\/Florian_Adamek_Simone_Gerd_Wagner-768x520.jpg 768w, https:\/\/www.gruene-gladbeck.de\/cms\/wp-content\/uploads\/2019\/03\/Florian_Adamek_Simone_Gerd_Wagner-800x541.jpg 800w\" sizes=\"auto, (max-width: 400px) 100vw, 400px\" \/><\/a><figcaption id=\"caption-attachment-1969\" class=\"wp-caption-text\">Florian Adamek und Gerd Wagner von der Mingas-Power mit der Gr\u00fcnen Fraktionsvorsitzenden Simone Steffens<\/figcaption><\/figure>\n<h3>&nbsp;<\/h3>\n<h3>&nbsp;<\/h3>\n<h3>&nbsp;<\/h3>\n<h3>&nbsp;<\/h3>\n<h3>&nbsp;<\/h3>\n<h3>&nbsp;<\/h3>\n<h3>&nbsp;<\/h3>\n<h3>&nbsp;<\/h3>\n<h3>&nbsp;<\/h3>\n<h3>&nbsp;<\/h3>\n<h3>&nbsp;<\/h3>\n<h3>&nbsp;<\/h3>\n<h3>&nbsp;<\/h3>\n<h3>&nbsp;<\/h3>\n<h3>&nbsp;<\/h3>\n<h1 style=\"font-weight: 400;\"><strong>Gr\u00fcne Fraktion l\u00e4dt Vertreter der Mingas-Power ein<\/strong><\/h1>\n<p><strong>Aus erster Hand haben zwei Vertreter der Mingas-Power, einem Tochterunternehmen der Steag, die gr\u00fcne Ratsfraktion \u00fcber die geplante Windkraftanlage auf der Mottbruchhalde informiert.<\/strong><br \/>\n\u201eWir nehmen die Sorgen der B\u00fcrgerinnen und B\u00fcrger sehr ernst\u201c, sagt Florian Adamek, Pressesprecher der Steag. Aus Sicht der Steag, die rund 5 Millionen Euro in das Projekt in Gladbeck investiert, ist eine Windkraftanlage mit einer Freizeitnutzung der Halde vereinbar. \u201eWir k\u00f6nnten uns bei den Planungen zur m\u00f6glichen Haldenwelt einbringen, zum Beispiel mit einem Energielehrpfad\u201c, sagte Florian Adamek und stellte eine M\u00f6glichkeit der Beteiligung im Rahmen des Treffens vor.<\/p>\n<p>\u201eWichtig ist ein offener Diskurs \u00fcber die Frage, wie wir unseren Energiebedarf in Zukunft decken wollen und was wir vor Ort bereit sind, daf\u00fcr zu tun?\u201c, fordert Simone Steffens, Fraktionsvorsitzende der Gr\u00fcnen. <strong>Erstaunt ist die gr\u00fcne Ratsfraktion dar\u00fcber, dass Vertreter des Projekttr\u00e4gers bislang nicht zur B\u00fcrgerveranstaltung der Stadt Gladbeck am 3. April von der Verwaltung&nbsp;&nbsp;eingeladen wurden.<\/strong> \u201eWir haben in dem Gespr\u00e4ch festgestellt, dass sich viele Fragen schnell haben kl\u00e4ren lassen.\u201c Und Simone Steffens weiter: \u201eWer kann ein Projekt besser vorstellen, als der Projekttr\u00e4ger selbst?\u201c.<\/p>\n<p>Aus Sicht der Gr\u00fcnen passt die Windkraftanlage perfekt in die Bewerbung zur Internationalen Gartenausstellung (IGA) im Jahr 2027. \u201eWie wollen wir leben?\u201c, ist die Leitfrage der Gartenausstellung mit Themenschwerpunkten Klimaschutz und Energie. Das Ruhrgebiet bewirbt sich nicht nur um eine Gartenschau, sondern steht auch f\u00fcr einen gelungenen Strukturwandel. \u201eHierzu geh\u00f6rt, wie sich eine ehemals bergbauabh\u00e4ngige Industrieregion zu einer modernen Metropole mit erneuerbaren Energien entwickelt. Energiegewinnung kann in Erholungsr\u00e4ume integriert werden\u201c, so Simone Steffens.<\/p>\n<p>Die Windkraftanlage w\u00e4re die sechste Anlage, die die Steag auf einer Halde plant und umsetzt. \u201eDie moderne Anlage verf\u00fcgt \u00fcber beheizbare Rotorbl\u00e4tter und erkennt Eisansatz, so dass sogenannter Eiswurf so gut wie ausgeschlossen ist. Das Windrad wird dar\u00fcber hinaus mit einem eigenen Radar ausgestattet, so dass sie f\u00fcr Flugzeuge erkennbar ist und nicht \u2013 wie oft bef\u00fcrchtet &#8211; die ganze Nacht leuchtet\u201c, erkl\u00e4rte Gerd Wagner, Gesch\u00e4ftsf\u00fchrer der Mingas-Power. Die Kreisverwaltung Recklinghausen habe auch akribisch die Ger\u00e4uschbelastung gepr\u00fcft. \u201eAlle Grenzwerte werden eingehalten und werden weiter durch die untere Immissionsschutzbeh\u00f6rde \u00fcberwacht\u201c, sagte Gerd Wagner. Nach Angaben der Mingas-Power w\u00fcrde nach heutiger Steuergesetzgebung die Stadt Gladbeck rund 20.000 \u20ac j\u00e4hrlich und \u00fcber die geplante Laufzeit von 20 Jahren 400.000 \u20ac&nbsp;&nbsp;Gewerbesteuer einnehmen. Die Anlage spare bei dem heutigen Strommix in Deutschland im Jahr rund 5.000 Tonnen CO<sub>2<\/sub>&nbsp;ein, 100.000 Tonnen CO<sub>2<\/sub>&nbsp;\u00fcber die Laufzeit.<\/p>\n<p><strong>Vor dem Hintergrund des vereinbarten Ausstiegs aus der Kohleverstromung ist die genehmigte Windkraftanlage ein Beitrag f\u00fcr die Energiewende und den Klimaschutz, so das Fazit der Gladbecker Ratsfraktion.<\/strong><\/p>\n","protected":false},"excerpt":{"rendered":"<p>&nbsp; &nbsp; &nbsp; &nbsp; &nbsp; &nbsp; &nbsp; &nbsp; &nbsp; &nbsp; &nbsp; &nbsp; &nbsp; &nbsp; &nbsp; Gr\u00fcne Fraktion l\u00e4dt Vertreter der [&hellip;]<\/p>\n","protected":false},"author":-1,"featured_media":0,"comment_status":"closed","ping_status":"closed","sticky":false,"template":"","format":"standard","meta":{"ngg_post_thumbnail":0,"footnotes":""},"categories":[1,7,11,12,13],"tags":[],"class_list":["post-1970","post","type-post","status-publish","format-standard","hentry","category-allgemein","category-kultur","category-stadtplanung","category-umwelt","category-wirtschaft"],"_links":{"self":[{"href":"https:\/\/www.gruene-gladbeck.de\/index.php?rest_route=\/wp\/v2\/posts\/1970","targetHints":{"allow":["GET"]}}],"collection":[{"href":"https:\/\/www.gruene-gladbeck.de\/index.php?rest_route=\/wp\/v2\/posts"}],"about":[{"href":"https:\/\/www.gruene-gladbeck.de\/index.php?rest_route=\/wp\/v2\/types\/post"}],"author":[{"embeddable":true,"href":"https:\/\/www.gruene-gladbeck.de\/index.php?rest_route=\/wp\/v2\/users\/7"}],"replies":[{"embeddable":true,"href":"https:\/\/www.gruene-gladbeck.de\/index.php?rest_route=%2Fwp%2Fv2%2Fcomments&post=1970"}],"version-history":[{"count":10,"href":"https:\/\/www.gruene-gladbeck.de\/index.php?rest_route=\/wp\/v2\/posts\/1970\/revisions"}],"predecessor-version":[{"id":1980,"href":"https:\/\/www.gruene-gladbeck.de\/index.php?rest_route=\/wp\/v2\/posts\/1970\/revisions\/1980"}],"wp:attachment":[{"href":"https:\/\/www.gruene-gladbeck.de\/index.php?rest_route=%2Fwp%2Fv2%2Fmedia&parent=1970"}],"wp:term":[{"taxonomy":"category","embeddable":true,"href":"https:\/\/www.gruene-gladbeck.de\/index.php?rest_route=%2Fwp%2Fv2%2Fcategories&post=1970"},{"taxonomy":"post_tag","embeddable":true,"href":"https:\/\/www.gruene-gladbeck.de\/index.php?rest_route=%2Fwp%2Fv2%2Ftags&post=1970"}],"curies":[{"name":"wp","href":"https:\/\/api.w.org\/{rel}","templated":true}]}}