{"id":2043,"date":"2019-06-01T14:57:25","date_gmt":"2019-06-01T13:57:25","guid":{"rendered":"http:\/\/www.gruene-gladbeck.de\/?p=2043"},"modified":"2019-06-01T14:57:25","modified_gmt":"2019-06-01T13:57:25","slug":"infostand-am-1-juni-2019","status":"publish","type":"post","link":"https:\/\/www.gruene-gladbeck.de\/?p=2043","title":{"rendered":"Infostand am 1. Juni 2019"},"content":{"rendered":"<p>Danke!<br \/>\nUnter diesem Motto stand unser heutiger Infostand. Mit Ballons und handgeschriebenen Karten haben wir uns f\u00fcr das tolle Wahlergebnis bedankt und durchweg positive Resonanz erfahren. Bei jung und alt. Von netten \u00dc60ern, die das Rezo-Video super fanden bis zu 13-J\u00e4hrigen, die mit politischem Knowhow gl\u00e4nzten, war alles dabei. Es hat wirklich Spa\u00df gemacht\ud83d\udc9a DANKE Gladbeck<\/p>\n<p><a href=\"https:\/\/www.gruene-gladbeck.de\/cms\/wp-content\/uploads\/2019\/06\/IMG-20190601-WA0021.jpg\"><img loading=\"lazy\" decoding=\"async\" class=\"wp-image-2041 alignnone\" src=\"https:\/\/www.gruene-gladbeck.de\/cms\/wp-content\/uploads\/2019\/06\/IMG-20190601-WA0021-400x296.jpg\" alt=\"\" width=\"400\" height=\"296\" srcset=\"https:\/\/www.gruene-gladbeck.de\/cms\/wp-content\/uploads\/2019\/06\/IMG-20190601-WA0021-400x296.jpg 400w, https:\/\/www.gruene-gladbeck.de\/cms\/wp-content\/uploads\/2019\/06\/IMG-20190601-WA0021-768x568.jpg 768w, https:\/\/www.gruene-gladbeck.de\/cms\/wp-content\/uploads\/2019\/06\/IMG-20190601-WA0021-800x592.jpg 800w, https:\/\/www.gruene-gladbeck.de\/cms\/wp-content\/uploads\/2019\/06\/IMG-20190601-WA0021.jpg 1067w\" sizes=\"auto, (max-width: 400px) 100vw, 400px\" \/><\/a><\/p>\n<figure id=\"attachment_2040\" aria-describedby=\"caption-attachment-2040\" style=\"width: 400px\" class=\"wp-caption alignleft\"><a href=\"https:\/\/www.gruene-gladbeck.de\/cms\/wp-content\/uploads\/2019\/06\/IMG_20190601_124409_1.jpg\"><img loading=\"lazy\" decoding=\"async\" class=\"size-medium wp-image-2040\" src=\"https:\/\/www.gruene-gladbeck.de\/cms\/wp-content\/uploads\/2019\/06\/IMG_20190601_124409_1-400x300.jpg\" alt=\"\" width=\"400\" height=\"300\" srcset=\"https:\/\/www.gruene-gladbeck.de\/cms\/wp-content\/uploads\/2019\/06\/IMG_20190601_124409_1-400x300.jpg 400w, https:\/\/www.gruene-gladbeck.de\/cms\/wp-content\/uploads\/2019\/06\/IMG_20190601_124409_1-768x576.jpg 768w, https:\/\/www.gruene-gladbeck.de\/cms\/wp-content\/uploads\/2019\/06\/IMG_20190601_124409_1-800x600.jpg 800w\" sizes=\"auto, (max-width: 400px) 100vw, 400px\" \/><\/a><figcaption id=\"caption-attachment-2040\" class=\"wp-caption-text\">sdr<\/figcaption><\/figure>\n<p>&nbsp;<\/p>\n","protected":false},"excerpt":{"rendered":"<p>Danke! Unter diesem Motto stand unser heutiger Infostand. Mit Ballons und handgeschriebenen Karten haben wir uns f\u00fcr das tolle Wahlergebnis [&hellip;]<\/p>\n","protected":false},"author":-1,"featured_media":0,"comment_status":"closed","ping_status":"closed","sticky":false,"template":"","format":"standard","meta":{"ngg_post_thumbnail":0,"footnotes":""},"categories":[1,143],"tags":[],"class_list":["post-2043","post","type-post","status-publish","format-standard","hentry","category-allgemein","category-europa"],"_links":{"self":[{"href":"https:\/\/www.gruene-gladbeck.de\/index.php?rest_route=\/wp\/v2\/posts\/2043","targetHints":{"allow":["GET"]}}],"collection":[{"href":"https:\/\/www.gruene-gladbeck.de\/index.php?rest_route=\/wp\/v2\/posts"}],"about":[{"href":"https:\/\/www.gruene-gladbeck.de\/index.php?rest_route=\/wp\/v2\/types\/post"}],"author":[{"embeddable":true,"href":"https:\/\/www.gruene-gladbeck.de\/index.php?rest_route=\/wp\/v2\/users\/7"}],"replies":[{"embeddable":true,"href":"https:\/\/www.gruene-gladbeck.de\/index.php?rest_route=%2Fwp%2Fv2%2Fcomments&post=2043"}],"version-history":[{"count":1,"href":"https:\/\/www.gruene-gladbeck.de\/index.php?rest_route=\/wp\/v2\/posts\/2043\/revisions"}],"predecessor-version":[{"id":2044,"href":"https:\/\/www.gruene-gladbeck.de\/index.php?rest_route=\/wp\/v2\/posts\/2043\/revisions\/2044"}],"wp:attachment":[{"href":"https:\/\/www.gruene-gladbeck.de\/index.php?rest_route=%2Fwp%2Fv2%2Fmedia&parent=2043"}],"wp:term":[{"taxonomy":"category","embeddable":true,"href":"https:\/\/www.gruene-gladbeck.de\/index.php?rest_route=%2Fwp%2Fv2%2Fcategories&post=2043"},{"taxonomy":"post_tag","embeddable":true,"href":"https:\/\/www.gruene-gladbeck.de\/index.php?rest_route=%2Fwp%2Fv2%2Ftags&post=2043"}],"curies":[{"name":"wp","href":"https:\/\/api.w.org\/{rel}","templated":true}]}}