{"id":2048,"date":"2019-06-07T00:09:06","date_gmt":"2019-06-06T23:09:06","guid":{"rendered":"http:\/\/www.gruene-gladbeck.de\/?p=2048"},"modified":"2019-06-07T00:09:06","modified_gmt":"2019-06-06T23:09:06","slug":"klimanotstand","status":"publish","type":"post","link":"https:\/\/www.gruene-gladbeck.de\/?p=2048","title":{"rendered":"Klimanotstand"},"content":{"rendered":"<p>Am 6. Juni 2019 hat Gladbeck heute als erste Stadt im Kreis Recklinghausen den Klimanotstand ausgerufen. Ein wichtiger Meilenstein f\u00fcr uns Gr\u00fcne und ein Tag, auf den wir uns gefreut haben.<\/p>\n<p>Was als Partei-\u00fcbergreifender Erfolg und Chance h\u00e4tte gesehen werden k\u00f6nnen, wird nun \u00fcberschattet von unsachlichen und parteipolitisch motivierten Spielchen.<br \/>\nAm Montag wurde im Umweltausschuss vorberaten und der Beschlussentwurf dem Rat EINSTIMMIG empfohlen. Und heute bekommen wir nur eine knappe Mehrheit zustande, obwohl wir uns alle einig sind.<\/p>\n<p>Uns Gr\u00fcnen ist klar, dass die Ausrufung nur der erste Schritt ist. Selbstverst\u00e4ndlich m\u00fcssen nun konkrete Ma\u00dfnahmen folgen. Darum wurde die Verwaltung mit der Erarbeitung eines Konzeptes beauftragt, darum werden wir Gr\u00fcnen auch die Forderung nach der Einstellung der Klage gegen das Windrad einbringen und wir begr\u00fc\u00dfen ausdr\u00fccklich, dass die Bev\u00f6lkerung mit ins Boot genommen wird. Der Katalog an Ideen k\u00f6nnte hier noch endlos weitergef\u00fchrt werden.<br \/>\nHeute sollte es aber um den Grundstein gehen, ein Grundstein, der Montag von ALLEN Parteien abgesegnet wurde.<br \/>\nDieser Beschluss heute h\u00e4tte das einfachste an dem ganzen Thema sein k\u00f6nnen. Nun bleibt zu hoffen, dass der Umgang miteinander dieses wichtige Thema nicht noch zus\u00e4tzlich erschwert.<\/p>\n<p><a href=\"https:\/\/www.gruene-gladbeck.de\/cms\/wp-content\/uploads\/2019\/06\/IMG_20190607_010310_351.jpg\"><img loading=\"lazy\" decoding=\"async\" class=\"size-medium wp-image-2046 alignnone\" src=\"https:\/\/www.gruene-gladbeck.de\/cms\/wp-content\/uploads\/2019\/06\/IMG_20190607_010310_351-400x400.jpg\" alt=\"\" width=\"400\" height=\"400\" srcset=\"https:\/\/www.gruene-gladbeck.de\/cms\/wp-content\/uploads\/2019\/06\/IMG_20190607_010310_351-400x400.jpg 400w, https:\/\/www.gruene-gladbeck.de\/cms\/wp-content\/uploads\/2019\/06\/IMG_20190607_010310_351-150x150.jpg 150w, https:\/\/www.gruene-gladbeck.de\/cms\/wp-content\/uploads\/2019\/06\/IMG_20190607_010310_351-768x768.jpg 768w, https:\/\/www.gruene-gladbeck.de\/cms\/wp-content\/uploads\/2019\/06\/IMG_20190607_010310_351-800x800.jpg 800w, https:\/\/www.gruene-gladbeck.de\/cms\/wp-content\/uploads\/2019\/06\/IMG_20190607_010310_351.jpg 1080w\" sizes=\"auto, (max-width: 400px) 100vw, 400px\" \/><\/a><a href=\"https:\/\/www.gruene-gladbeck.de\/cms\/wp-content\/uploads\/2019\/06\/IMG_20190607_010310_349.jpg\"><img loading=\"lazy\" decoding=\"async\" class=\"alignleft size-medium wp-image-2047\" src=\"https:\/\/www.gruene-gladbeck.de\/cms\/wp-content\/uploads\/2019\/06\/IMG_20190607_010310_349-400x401.jpg\" alt=\"\" width=\"400\" height=\"401\" srcset=\"https:\/\/www.gruene-gladbeck.de\/cms\/wp-content\/uploads\/2019\/06\/IMG_20190607_010310_349-400x401.jpg 400w, https:\/\/www.gruene-gladbeck.de\/cms\/wp-content\/uploads\/2019\/06\/IMG_20190607_010310_349-150x150.jpg 150w, https:\/\/www.gruene-gladbeck.de\/cms\/wp-content\/uploads\/2019\/06\/IMG_20190607_010310_349.jpg 647w\" sizes=\"auto, (max-width: 400px) 100vw, 400px\" \/><\/a><\/p>\n","protected":false},"excerpt":{"rendered":"<p>Am 6. Juni 2019 hat Gladbeck heute als erste Stadt im Kreis Recklinghausen den Klimanotstand ausgerufen. Ein wichtiger Meilenstein f\u00fcr [&hellip;]<\/p>\n","protected":false},"author":-1,"featured_media":0,"comment_status":"closed","ping_status":"closed","sticky":false,"template":"","format":"standard","meta":{"ngg_post_thumbnail":0,"footnotes":""},"categories":[16,6,9,11,12,142,132],"tags":[],"class_list":["post-2048","post","type-post","status-publish","format-standard","hentry","category-antrage","category-jugend","category-soziales","category-stadtplanung","category-umwelt","category-verkehr","category-verwaltung"],"_links":{"self":[{"href":"https:\/\/www.gruene-gladbeck.de\/index.php?rest_route=\/wp\/v2\/posts\/2048","targetHints":{"allow":["GET"]}}],"collection":[{"href":"https:\/\/www.gruene-gladbeck.de\/index.php?rest_route=\/wp\/v2\/posts"}],"about":[{"href":"https:\/\/www.gruene-gladbeck.de\/index.php?rest_route=\/wp\/v2\/types\/post"}],"author":[{"embeddable":true,"href":"https:\/\/www.gruene-gladbeck.de\/index.php?rest_route=\/wp\/v2\/users\/7"}],"replies":[{"embeddable":true,"href":"https:\/\/www.gruene-gladbeck.de\/index.php?rest_route=%2Fwp%2Fv2%2Fcomments&post=2048"}],"version-history":[{"count":2,"href":"https:\/\/www.gruene-gladbeck.de\/index.php?rest_route=\/wp\/v2\/posts\/2048\/revisions"}],"predecessor-version":[{"id":2050,"href":"https:\/\/www.gruene-gladbeck.de\/index.php?rest_route=\/wp\/v2\/posts\/2048\/revisions\/2050"}],"wp:attachment":[{"href":"https:\/\/www.gruene-gladbeck.de\/index.php?rest_route=%2Fwp%2Fv2%2Fmedia&parent=2048"}],"wp:term":[{"taxonomy":"category","embeddable":true,"href":"https:\/\/www.gruene-gladbeck.de\/index.php?rest_route=%2Fwp%2Fv2%2Fcategories&post=2048"},{"taxonomy":"post_tag","embeddable":true,"href":"https:\/\/www.gruene-gladbeck.de\/index.php?rest_route=%2Fwp%2Fv2%2Ftags&post=2048"}],"curies":[{"name":"wp","href":"https:\/\/api.w.org\/{rel}","templated":true}]}}