{"id":2536,"date":"2020-09-20T19:16:18","date_gmt":"2020-09-20T18:16:18","guid":{"rendered":"http:\/\/www.gruene-gladbeck.de\/?p=2536"},"modified":"2020-11-30T16:11:16","modified_gmt":"2020-11-30T15:11:16","slug":"rot-gruen-2-0","status":"publish","type":"post","link":"https:\/\/www.gruene-gladbeck.de\/?p=2536","title":{"rendered":"Rot-Gr\u00fcn 2.0"},"content":{"rendered":"<p><a href=\"https:\/\/www.gruene-gladbeck.de\/cms\/wp-content\/uploads\/2020\/09\/f4b4fb8d-e714-4a24-842c-1e97fa182047.jpeg\"><img loading=\"lazy\" decoding=\"async\" class=\"alignleft size-medium wp-image-2535\" src=\"https:\/\/www.gruene-gladbeck.de\/cms\/wp-content\/uploads\/2020\/09\/f4b4fb8d-e714-4a24-842c-1e97fa182047-400x400.jpeg\" alt=\"\" width=\"400\" height=\"400\" srcset=\"https:\/\/www.gruene-gladbeck.de\/cms\/wp-content\/uploads\/2020\/09\/f4b4fb8d-e714-4a24-842c-1e97fa182047-400x400.jpeg 400w, https:\/\/www.gruene-gladbeck.de\/cms\/wp-content\/uploads\/2020\/09\/f4b4fb8d-e714-4a24-842c-1e97fa182047-150x150.jpeg 150w, https:\/\/www.gruene-gladbeck.de\/cms\/wp-content\/uploads\/2020\/09\/f4b4fb8d-e714-4a24-842c-1e97fa182047-768x768.jpeg 768w, https:\/\/www.gruene-gladbeck.de\/cms\/wp-content\/uploads\/2020\/09\/f4b4fb8d-e714-4a24-842c-1e97fa182047-800x800.jpeg 800w, https:\/\/www.gruene-gladbeck.de\/cms\/wp-content\/uploads\/2020\/09\/f4b4fb8d-e714-4a24-842c-1e97fa182047.jpeg 1080w\" sizes=\"auto, (max-width: 400px) 100vw, 400px\" \/><\/a><\/p>\n<div class=\"kvgmc6g5 cxmmr5t8 oygrvhab hcukyx3x c1et5uql ii04i59q\">\n<div dir=\"auto\">Wir GR\u00dcNE gehen dank des Votums der W\u00e4hlerinnen und W\u00e4hler gest\u00e4rkt aus der Wahl hervor. 3.285 Wahlberechtigte haben uns ihr Vertrauen geschenkt. Diesem Vertrauen f\u00fchlen wir uns verpflichtet und wollen im kommenden Rat eine stark vernehmbare Stimme einnehmen. Das \u201eweiter so\u201c wird es daher mit uns nicht geben.<\/div>\n<div dir=\"auto\">&nbsp;<\/div>\n<\/div>\n<div class=\"o9v6fnle cxmmr5t8 oygrvhab hcukyx3x c1et5uql ii04i59q\">\n<div dir=\"auto\">Wie der Presse zu entnehmen war, haben wir GR\u00dcNE uns dazu entschlossen, die Kandidatur von Bettina Weist als B\u00fcrgermeisterin f\u00fcr unsere Stadt zu unterst\u00fctzen. Wir streben ein neues rot-gr\u00fcnes B\u00fcndnis an, um moderne, zukunftsorientierte und nachhaltige Politik f\u00fcr unsere Stadt umzusetzen. Wir wollen ein \u201eRot-Gr\u00fcn 2.0\u201c auf Augenh\u00f6he. Daf\u00fcr k\u00f6nnen wir unsere Mitglieder und hoffentlich auch unsere W\u00e4hler begeistern.<\/div>\n<div dir=\"auto\">&nbsp;<\/div>\n<\/div>\n<div class=\"o9v6fnle cxmmr5t8 oygrvhab hcukyx3x c1et5uql ii04i59q\">\n<div dir=\"auto\">Die vergangene Kooperation mit den Sozialdemokraten war durch viele Kompromisse gepr\u00e4gt. Wir mussten oft in die Rolle des Juniorpartners schl\u00fcpfen und entsprechend auch Entt\u00e4uschungen erleben. In den letzten Jahren ist es uns aber gelungen, unser gr\u00fcnes Profil zu sch\u00e4rfen, unsere Themen zu vertreten \u2013 nicht zuletzt sicher auch durch das gest\u00e4rkte Selbstbewusstsein und den R\u00fcckenwind aus Berlin. Daf\u00fcr haben wir auch den ein oder anderen Streit mit unserem Kooperationspartner kassiert.<\/div>\n<div dir=\"auto\">&nbsp;<\/div>\n<\/div>\n<div class=\"o9v6fnle cxmmr5t8 oygrvhab hcukyx3x c1et5uql ii04i59q\">\n<div dir=\"auto\">Am 13.09. wurden wir nun mit \u00fcber 12% in den neuen Rat der Stadt Gladbeck gew\u00e4hlt. Dies bedeutet eine Verbesserung von 3 auf 7 Sitze in der kommenden Wahlperiode. F\u00fcr uns ist das eine klare Best\u00e4tigung, dass unser Einsatz f\u00fcr Wandel und Entwicklung zu einer zukunftsf\u00e4higen Stadt und Gesellschaft der richtige Weg ist.<\/div>\n<div dir=\"auto\">Wir sind zur Wahl angetreten mit einer klaren Vision, einem Gladbeck von Morgen, einem Wahlprogramm, das die Mobilit\u00e4ts- und Verkehrswende vorantreiben m\u00f6chte, mit der festen \u00dcberzeugung, dass alle Menschen gleich sind, gleiche Chancen verdienen und dass wir in Bildung und Kinder investieren m\u00fcssen. Wir haben einen sehr sachbezogenen Wahlkampf gef\u00fchrt und wurden f\u00fcr diese Themen gew\u00e4hlt. Unser Anspruch an die n\u00e4chsten 5 Jahre ist es, Gladbeck in diesem Sinne weiterentwickeln zu k\u00f6nnen. Dies gelingt am besten, wenn man eine Mehrheit mit gro\u00dfen inhaltlichen \u00dcberschneidungen repr\u00e4sentiert.<\/div>\n<div dir=\"auto\">&nbsp;<\/div>\n<\/div>\n<div class=\"o9v6fnle cxmmr5t8 oygrvhab hcukyx3x c1et5uql ii04i59q\">\n<div dir=\"auto\">Direkt am Montag nach der Wahl haben daher erste Gespr\u00e4che mit der SPD Gladbeck und Bettina Weist stattgefunden. Wer die Wahlprogramme beider Parteien kennt, wird wissen, dass es in den oben genannten Themen gro\u00dfe Schnittmengen gibt. Die Gespr\u00e4che waren konstruktiv, respektvoll und \u2013 vermutlich fast am wichtigsten \u2013 auf Augenh\u00f6he.<\/div>\n<\/div>\n<div class=\"o9v6fnle cxmmr5t8 oygrvhab hcukyx3x c1et5uql ii04i59q\">\n<div dir=\"auto\">Wir gehen selbstbewusst aus der Wahl hervor und so werden wir auch wahrgenommen. Das Kr\u00e4fteverh\u00e4ltnis hat sich von 20 SPD-Sitzen zu 3 GR\u00dcNEN- Sitzen im Rat auf 19:7 verbessert.<\/div>\n<div dir=\"auto\">Auf beiden Seiten findet ein Umdenken statt. Beide Partner werden durch neue Gesichter vertreten, die es erm\u00f6glichen, alte Streitigkeiten hinter sich zu lassen. Wir GR\u00dcNE werden unseren Grunds\u00e4tzen treu bleiben. Auch in einer Koalition werden wir nicht gegen unsere Prinzipien stimmen: Wir stehen nach wie vor f\u00fcr das Windrad auf der Mottbruchhalde und fordern \u2013 mit Unterst\u00fctzung einer neuen Bundesregierung \u2013 eine Alternative zur geplanten A52.<\/div>\n<div dir=\"auto\">&nbsp;<\/div>\n<\/div>\n<div class=\"o9v6fnle cxmmr5t8 oygrvhab hcukyx3x c1et5uql ii04i59q\">\n<div dir=\"auto\">Der respektvolle Umgang mit allen anderen demokratischen Parteien im neuen Rat ist uns ein gro\u00dfes Anliegen und wir werden uns mit allen eingebrachten Themen kritisch und sachlich auseinandersetzen.<\/div>\n<div dir=\"auto\">&nbsp;<\/div>\n<\/div>\n<div class=\"o9v6fnle cxmmr5t8 oygrvhab hcukyx3x c1et5uql ii04i59q\">\n<div dir=\"auto\">In unserer Wahlempfehlung f\u00fcr Frau Weist, sehen wir die Chance zur Bildung einer konstruktiven Mehrheit im Rat, um die Themen durchsetzen zu k\u00f6nnen, die unseren Wahlkampf bestimmt haben. Wir erwarten von der neuen B\u00fcrgermeisterin ein offenes, transparentes B\u00fcrgerrathaus und eine klare Abkehr von alten Seilschaften und Strukturen.<\/div>\n<\/div>\n<div class=\"o9v6fnle cxmmr5t8 oygrvhab hcukyx3x c1et5uql ii04i59q\">\n<div dir=\"auto\">Wir hoffen sehr, dass wir das Vertrauen derer, die uns gew\u00e4hlt haben best\u00e4tigen k\u00f6nnen und bem\u00fchen uns, das Vertrauen, insbesondere in die Demokratie, vieler Weiterer zu gewinnen. Wir wollen zeigen, dass es uns um klare und offene Sacharbeit geht \u2013 gemeinsam f\u00fcr Gladbeck, unsere Stadt und unsere Heimat.<\/div>\n<\/div>\n<p>&nbsp;<\/p>\n","protected":false},"excerpt":{"rendered":"<p>Wir GR\u00dcNE gehen dank des Votums der W\u00e4hlerinnen und W\u00e4hler gest\u00e4rkt aus der Wahl hervor. 3.285 Wahlberechtigte haben uns ihr [&hellip;]<\/p>\n","protected":false},"author":-1,"featured_media":2535,"comment_status":"closed","ping_status":"closed","sticky":false,"template":"","format":"standard","meta":{"ngg_post_thumbnail":0,"footnotes":""},"categories":[1],"tags":[],"class_list":["post-2536","post","type-post","status-publish","format-standard","has-post-thumbnail","hentry","category-allgemein"],"_links":{"self":[{"href":"https:\/\/www.gruene-gladbeck.de\/index.php?rest_route=\/wp\/v2\/posts\/2536","targetHints":{"allow":["GET"]}}],"collection":[{"href":"https:\/\/www.gruene-gladbeck.de\/index.php?rest_route=\/wp\/v2\/posts"}],"about":[{"href":"https:\/\/www.gruene-gladbeck.de\/index.php?rest_route=\/wp\/v2\/types\/post"}],"author":[{"embeddable":true,"href":"https:\/\/www.gruene-gladbeck.de\/index.php?rest_route=\/wp\/v2\/users\/7"}],"replies":[{"embeddable":true,"href":"https:\/\/www.gruene-gladbeck.de\/index.php?rest_route=%2Fwp%2Fv2%2Fcomments&post=2536"}],"version-history":[{"count":4,"href":"https:\/\/www.gruene-gladbeck.de\/index.php?rest_route=\/wp\/v2\/posts\/2536\/revisions"}],"predecessor-version":[{"id":2540,"href":"https:\/\/www.gruene-gladbeck.de\/index.php?rest_route=\/wp\/v2\/posts\/2536\/revisions\/2540"}],"wp:featuredmedia":[{"embeddable":true,"href":"https:\/\/www.gruene-gladbeck.de\/index.php?rest_route=\/wp\/v2\/media\/2535"}],"wp:attachment":[{"href":"https:\/\/www.gruene-gladbeck.de\/index.php?rest_route=%2Fwp%2Fv2%2Fmedia&parent=2536"}],"wp:term":[{"taxonomy":"category","embeddable":true,"href":"https:\/\/www.gruene-gladbeck.de\/index.php?rest_route=%2Fwp%2Fv2%2Fcategories&post=2536"},{"taxonomy":"post_tag","embeddable":true,"href":"https:\/\/www.gruene-gladbeck.de\/index.php?rest_route=%2Fwp%2Fv2%2Ftags&post=2536"}],"curies":[{"name":"wp","href":"https:\/\/api.w.org\/{rel}","templated":true}]}}