{"id":3241,"date":"2022-03-18T08:32:08","date_gmt":"2022-03-18T07:32:08","guid":{"rendered":"https:\/\/www.gruene-gladbeck.de\/?p=3241"},"modified":"2024-12-05T19:28:45","modified_gmt":"2024-12-05T18:28:45","slug":"ausbildungs-und-personalsituation-im-bereich-erziehung-2022","status":"publish","type":"post","link":"https:\/\/www.gruene-gladbeck.de\/?p=3241","title":{"rendered":"Ausbildungs- und Personalsituation im Bereich Erziehung 2022"},"content":{"rendered":"\n<p>Die Personalsituation in den Kindertagesst\u00e4tten ist nicht erst seit Corona angespannt. Leider erreichten uns in den letzten Wochen vermehrt Fragen zu Situationen, in denen wegen Personalmangels nur eingeschr\u00e4nkte Betreuungsangebote m\u00f6glich waren oder Gruppen nur durch eine Person besetzt waren. Dies f\u00fchrt zu weiteren Fragen im Hinblick auf die Betreuung, den fr\u00fchkindlichen Bildungsauftrag und die Sicherheit.&nbsp;<\/p>\n\n\n\n<p>Trotz der scheinbar angespannten Personalsituation und dem immer wieder formulierten Bedarf an Personal in den st\u00e4dtischen Einrichtungen haben wir feststellt, dass auf der Webseite der Stadt Gladbeck lange Zeit keine offenen Stellenangebote f\u00fcr diese Berufsgruppen ausgeschrieben waren. Dies obwohl gleichzeitig eine neue zweiz\u00fcgige KiTa nur einz\u00fcgig ge\u00f6ffnet wurde.&nbsp;<\/p>\n\n\n\n<p>Erfreut waren wir zu sehen, dass seit diesem Jahr die \u201epraxisintegrierte Ausbildung zum Erzieher\/zur Erzieherin\u201c durch die Stadt Gladbeck angeboten wird. Im R\u00fcckblick der letzten Jahre f\u00e4llt in dem Zusammenhang auf, dass die entsprechenden Stellen im Stellenplan trotz neu geschaffener Kindertagesst\u00e4tten und noch geplanter Kindertagesst\u00e4tten nur in einem nicht wirklich darstellbaren Verh\u00e4ltnis angewachsen sind. Gleichzeitig wurde \u00fcber den Betreuungsplatzmangel im letzten Ausschuss berichtet.<\/p>\n\n\n\n<p>In den vergangenen Tagen wurde durch die Gewerkschaft Verdi zum Streik in den Einrichtungen aufgerufen, weil neben einer geforderten h\u00f6heren Bezahlung vor allem auf die sehr stark gestiegenen Belastungen aufmerksam gemacht werden soll.<\/p>\n\n\n\n<p>Diese widerspr\u00fcchlichen Situationsbeschreibungen f\u00fchren dazu, dass wir gerne einen Sachstandsbericht der Verwaltung zu folgenden Themen in der n\u00e4chsten Sitzung erhalten m\u00f6chten:<\/p>\n\n\n\n<ol class=\"wp-block-list\"><li>Wie wird die neue Aufgabe der Ausbildung von Erziehungsfachkr\u00e4ften in den Kindertagesst\u00e4tten organisiert in Bezug auf Fortbildung des bestehenden Personals im Umgang mit Auszubildenen und die Kompensation von Personalausfall, welcher durch die Ausbildungsaufgaben entsteht? Grunds\u00e4tzlich sind in dem Bezug auch die Anzahl der zu schaffenden Ausbildungsstellen und deren \u00d6rtlichkeiten von Interesse.<br><\/li><li>Welche Ma\u00dfnahmen werden derzeit angewendet, um Personalausfall zu kompensieren oder ihn nicht entstehen zu lassen. Welche Ma\u00dfnahmen sind geplant, um die Verf\u00fcgbarkeit von Springer:innen zu optimieren.<br><\/li><li>Wie sieht das Verfahren bei Stellenausschreibungen aus? Welche Gr\u00fcnde liegen der Befristung der Stellenangebote zu Grunde und wie sehen die Bewerbungsverfahren aus? Wie geht die Verwaltung mit Initiativbewerbungen im Bereich der Erzieher:innenstellen um?<br><\/li><li>Gibt es Informationen zur Zufriedenheit der Angestellten in den Kindertagesst\u00e4tten der Stadt?<\/li><\/ol>\n\n\n\n<p>Wir sch\u00e4tzen die Arbeit der Erzieher:innen und Kinderpfleger:innen und sind gerade in diesen Zeiten besorgt sowohl um die Wertsch\u00e4tzung, die Qualit\u00e4t, aber auch die Gesundheit der Mitarbeiter:innen dieser wertvollen Berufsgruppe. Wir m\u00f6chten zugleich mit wachsKindergamem Blick und tiefergehendem Verst\u00e4ndnis pr\u00e4ventiv Gefahrenpotentiale erkennen und rechtzeitig beheben k\u00f6nnen. Wir f\u00e4nden es zudem w\u00fcnschenswert, wenn Vertreter:innen der Verwaltung, der KiTa-Leitung und der Erzieher:innen kurz ihre Sicht auf die Situation schildern k\u00f6nnen und f\u00fcr R\u00fcckfragen zur Verf\u00fcgung stehen w\u00fcrden.<\/p>\n\n\n\n<p><strong>Beschlussvorschlag:<\/strong><\/p>\n\n\n\n<p>Zu den Punkten 1 bis 3)<\/p>\n\n\n\n<p>Zur Kenntnisnahme. F\u00fcr den Fall, dass dringende Entscheidungen getroffen werden m\u00fcssen, behalten wir uns vor in der Ausschusssitzung einen Beschlussvorschlag einzubringen.<\/p>\n\n\n\n<p>Zum Punkt 4)<\/p>\n\n\n\n<p>Wir beauftragen die Verwaltung die Zufriedenheit der Angestellten vorzugsweise dem gesamten Personal der Kindertagesst\u00e4tten (nicht nur repr\u00e4sentativ), in Form einer digitalen Online-Umfrage die Gelegenheit zur R\u00fcckmeldung zu geben zu den Themen Arbeitsbelastung, Zufriedenheit und Verbesserungspotentiale zu erarbeiten.<\/p>\n\n\n\n<p><a href=\"https:\/\/www.gruene-gladbeck.de\/cms\/wp-content\/uploads\/2022\/05\/Beschluss-von-TOP-8-Sitzung-des-Jugendhilfeausschusses.pdf\" target=\"_blank\" rel=\"noreferrer noopener\">Niederschrift zu unserem Tagesordnungspunkt<\/a><\/p>\n\n\n\n<p><a href=\"https:\/\/www.gruene-gladbeck.de\/cms\/wp-content\/uploads\/2022\/05\/Praesentation-Stellenplan2.pdf\" target=\"_blank\" rel=\"noreferrer noopener\">Pr\u00e4sentation zur Entwicklung der personellen Situation in den Kindertageseinrichtungen<\/a><\/p>\n","protected":false},"excerpt":{"rendered":"<p>Die Personalsituation in den Kindertagesst\u00e4tten ist nicht erst seit Corona angespannt. Leider erreichten uns in den letzten Wochen vermehrt Fragen [&hellip;]<\/p>\n","protected":false},"author":-1,"featured_media":0,"comment_status":"closed","ping_status":"closed","sticky":false,"template":"","format":"standard","meta":{"ngg_post_thumbnail":0,"footnotes":""},"categories":[1,16,6,9],"tags":[],"class_list":["post-3241","post","type-post","status-publish","format-standard","hentry","category-allgemein","category-antrage","category-jugend","category-soziales"],"_links":{"self":[{"href":"https:\/\/www.gruene-gladbeck.de\/index.php?rest_route=\/wp\/v2\/posts\/3241","targetHints":{"allow":["GET"]}}],"collection":[{"href":"https:\/\/www.gruene-gladbeck.de\/index.php?rest_route=\/wp\/v2\/posts"}],"about":[{"href":"https:\/\/www.gruene-gladbeck.de\/index.php?rest_route=\/wp\/v2\/types\/post"}],"author":[{"embeddable":true,"href":"https:\/\/www.gruene-gladbeck.de\/index.php?rest_route=\/wp\/v2\/users\/11"}],"replies":[{"embeddable":true,"href":"https:\/\/www.gruene-gladbeck.de\/index.php?rest_route=%2Fwp%2Fv2%2Fcomments&post=3241"}],"version-history":[{"count":4,"href":"https:\/\/www.gruene-gladbeck.de\/index.php?rest_route=\/wp\/v2\/posts\/3241\/revisions"}],"predecessor-version":[{"id":3290,"href":"https:\/\/www.gruene-gladbeck.de\/index.php?rest_route=\/wp\/v2\/posts\/3241\/revisions\/3290"}],"wp:attachment":[{"href":"https:\/\/www.gruene-gladbeck.de\/index.php?rest_route=%2Fwp%2Fv2%2Fmedia&parent=3241"}],"wp:term":[{"taxonomy":"category","embeddable":true,"href":"https:\/\/www.gruene-gladbeck.de\/index.php?rest_route=%2Fwp%2Fv2%2Fcategories&post=3241"},{"taxonomy":"post_tag","embeddable":true,"href":"https:\/\/www.gruene-gladbeck.de\/index.php?rest_route=%2Fwp%2Fv2%2Ftags&post=3241"}],"curies":[{"name":"wp","href":"https:\/\/api.w.org\/{rel}","templated":true}]}}