{"id":3362,"date":"2022-07-18T20:07:00","date_gmt":"2022-07-18T19:07:00","guid":{"rendered":"https:\/\/www.gruene-gladbeck.de\/?p=3362"},"modified":"2024-12-05T19:27:02","modified_gmt":"2024-12-05T18:27:02","slug":"wiederbelebung-und-staerkung-des-engagements-von-eltern-und-helfenden-in-kindertagesstaetten","status":"publish","type":"post","link":"https:\/\/www.gruene-gladbeck.de\/?p=3362","title":{"rendered":"Wiederbelebung und St\u00e4rkung des Engagements von Eltern und Helfenden in Kindertagesst\u00e4tten"},"content":{"rendered":"\n<p>Auch uns als Fraktion erreichte am 01.06. dieses Jahres ein offener Elternbrief, der einige Missst\u00e4nde offenlegt, die teilweise coronabedingt oder auch durch den Wegfall von Hilfeleistungen des Bundes verursacht wurden. Dennoch, auch durch unseren erst k\u00fcrzlich erfolgten Antrag, welcher das Arbeitspensum und Umfeld der Erzieher und Erzieherinnen zum Thema hatte, haben wir gro\u00dfes Vertrauen, dass die Verwaltung erste Schritte zur Besserung und eine intensivere Befassung mit dem Thema in den letzten Monaten unternommen hat.<\/p>\n\n\n\n<p>Unterst\u00fctzend wollen wir das Thema Elternarbeit und Ehrenamt in den Fokus holen und dieses st\u00e4rken.<\/p>\n\n\n\n<p>Durch Corona und die daraus folgenden Auflagen sank die aktive Unterst\u00fctzung der Eltern in Kindertagesst\u00e4tten nahezu gegen Null. Nur vereinzelte und sehr motivierte Unterst\u00fctzer:innen haben auch w\u00e4hrend der Pandemie die Erzieher:innen bei ihrer Arbeit durch \u00dcbernahme und Organisation von kleineren Aufgaben und Aktionen unterst\u00fctzt. Das schon vor Corona \u00fcber die Jahrzehnte geschrumpfte Engagement von Eltern, Gro\u00dfeltern und Freiwilligen war dennoch eine wertvolle und auch systemrelevante Hilfe, die es erm\u00f6glichte Ausfl\u00fcge zu organisieren, Veranstaltungen durchzuf\u00fchren, den Kindern vorzulesen oder eine kleine Kinderbibliothek zu unterhalten.<\/p>\n\n\n\n<p>Daher w\u00fcrden wir es begr\u00fc\u00dfen, wenn uns ein kleiner \u00dcberblick gegeben werden kann, welche Art von Unterst\u00fctzung, nat\u00fcrlich konform zu den entsprechend geltenden Coronaauflagen, m\u00f6glich und auch gew\u00fcnscht ist. Vielleicht gibt es auch durch die Leitungen der KiTas, oder auch durch Verb\u00e4nde und Organisationen wie dem Seniorenbeirat, welcher auch schon in der Vergangenheit gerne bei Aktionen mit seinen helfenden H\u00e4nden gesehen wurde, R\u00fcckmeldungen oder Anfragen zu diesem Thema.<\/p>\n\n\n\n<p>Parallel wollen wir einen Anreiz geben, diese wichtige Unterst\u00fctzung wieder wachsen zu lassen. Wir wollen erfahren, ob Gelder aus dem Aktionsprogramm &#8222;Aufholen nach Corona f\u00fcr Kinder und Jugendliche&#8220; oder \u00fcber das Programm \u201eSprach-Kitas\u201c akquiriert werden k\u00f6nnen und der Effekt mit zus\u00e4tzlichen helfenden Elternh\u00e4nden potenziert werden kann.<\/p>\n\n\n\n<p>Falls dies durch die Richtlinien nicht gegeben ist, m\u00f6chten wir &#8211; gerne auch erg\u00e4nzend &#8211; anregen einen durch freiwillige Spenden und eine Aktion, die jede Spende verdoppelt bis zu einem Betrag von 5.000\u20ac&nbsp;(10.000\u20ac&nbsp;kumuliert), zu starten und zu bewerben. Im Anschluss soll den Kinderg\u00e4rten und den Unterst\u00fctzern die Chance gegeben werden, aus diesem Fonds ein breites Spektrum an Aktionen und Eink\u00e4ufen (wie B\u00fcchern, Spielzeug oder Sportmaterial) zu finanzieren, welches hoffentlich zu einem neuen Erwachen von freiwilligem Engagement f\u00fchrt. Ebenso freuen wir uns, neue Ideen und Anregungen im Ausschuss zu h\u00f6ren und zu beraten.<\/p>\n\n\n\n<p><strong>Beschlussfassung:<\/strong><\/p>\n\n\n\n<p>Der Jugendhilfeausschuss beauftragt die Verwaltung, m\u00f6gliche Finanzierungsprogramme zur Reaktivierung und St\u00e4rkung des Ehrenamtes in Kindertagesst\u00e4tten zu evaluieren und falls passend zu beantragen.<\/p>\n\n\n\n<p>Erg\u00e4nzend hierzu soll eine, F\u00f6rder- und Spendenaktion organisiert, beworben und unterst\u00fctzt werden, mit dem Kindertagesst\u00e4tte zus\u00e4tzliche Mittel f\u00fcr Aktionen und Eink\u00e4ufe zur Verf\u00fcgung gestellt werden.<\/p>\n","protected":false},"excerpt":{"rendered":"<p>Auch uns als Fraktion erreichte am 01.06. dieses Jahres ein offener Elternbrief, der einige Missst\u00e4nde offenlegt, die teilweise coronabedingt oder [&hellip;]<\/p>\n","protected":false},"author":-1,"featured_media":0,"comment_status":"closed","ping_status":"closed","sticky":false,"template":"","format":"standard","meta":{"ngg_post_thumbnail":0,"footnotes":""},"categories":[1,6,9],"tags":[],"class_list":["post-3362","post","type-post","status-publish","format-standard","hentry","category-allgemein","category-jugend","category-soziales"],"_links":{"self":[{"href":"https:\/\/www.gruene-gladbeck.de\/index.php?rest_route=\/wp\/v2\/posts\/3362","targetHints":{"allow":["GET"]}}],"collection":[{"href":"https:\/\/www.gruene-gladbeck.de\/index.php?rest_route=\/wp\/v2\/posts"}],"about":[{"href":"https:\/\/www.gruene-gladbeck.de\/index.php?rest_route=\/wp\/v2\/types\/post"}],"author":[{"embeddable":true,"href":"https:\/\/www.gruene-gladbeck.de\/index.php?rest_route=\/wp\/v2\/users\/11"}],"replies":[{"embeddable":true,"href":"https:\/\/www.gruene-gladbeck.de\/index.php?rest_route=%2Fwp%2Fv2%2Fcomments&post=3362"}],"version-history":[{"count":3,"href":"https:\/\/www.gruene-gladbeck.de\/index.php?rest_route=\/wp\/v2\/posts\/3362\/revisions"}],"predecessor-version":[{"id":3366,"href":"https:\/\/www.gruene-gladbeck.de\/index.php?rest_route=\/wp\/v2\/posts\/3362\/revisions\/3366"}],"wp:attachment":[{"href":"https:\/\/www.gruene-gladbeck.de\/index.php?rest_route=%2Fwp%2Fv2%2Fmedia&parent=3362"}],"wp:term":[{"taxonomy":"category","embeddable":true,"href":"https:\/\/www.gruene-gladbeck.de\/index.php?rest_route=%2Fwp%2Fv2%2Fcategories&post=3362"},{"taxonomy":"post_tag","embeddable":true,"href":"https:\/\/www.gruene-gladbeck.de\/index.php?rest_route=%2Fwp%2Fv2%2Ftags&post=3362"}],"curies":[{"name":"wp","href":"https:\/\/api.w.org\/{rel}","templated":true}]}}