{"id":3669,"date":"2023-02-10T17:08:12","date_gmt":"2023-02-10T16:08:12","guid":{"rendered":"https:\/\/www.gruene-gladbeck.de\/?p=3669"},"modified":"2023-02-10T17:08:14","modified_gmt":"2023-02-10T16:08:14","slug":"startschuss-fuer-riesener-planungen","status":"publish","type":"post","link":"https:\/\/www.gruene-gladbeck.de\/?p=3669","title":{"rendered":"Startschuss f\u00fcr Riesener-Planungen"},"content":{"rendered":"\n<h2 class=\"wp-block-heading\"><strong>GR\u00dcNE offen f\u00fcr Dringlichkeitsentscheidung<\/strong><\/h2>\n\n\n\n<p><strong>\u201eWir brauchen nicht noch einen Monat zu warten\u201c, macht Ninja Lenz f\u00fcr die GR\u00dcNEN bez\u00fcglich des Riesener-Gymnasiums deutlich. \u201eSch\u00fclerinnen und Sch\u00fcler, Eltern und Kollegegium am Riesener Gymnasium erwarten jetzt von Politik und Verwaltung schnelle Entscheidungen! Hierzu sind wir GR\u00dcNEN bereit.\u201c<\/strong><\/p>\n\n\n\n<p>Die gr\u00fcne Fraktion habe sich seit der Info-Veranstaltung f\u00fcr den Schul- und Planungsausschuss kurz vor Weihnachten, in der die Verwaltung ihr Phasen-Modell mit einem Baufeld auf dem Jovyplatz vorgestellt hat, intensiv mit dem Sanierungsstau am Riesener-Gymnasium besch\u00e4ftigt. \u201eVier unserer Mitglieder haben das Riesener-Forum besucht, um insbesondere N\u00f6te und Hinweise der Eltern aufzunehmen\u201c, so Fraktionsvorsitzende Lenz. Die Gr\u00fcnen h\u00e4tten sich bewusst im Forum nicht zu Wort gemeldet, weil diese Veranstaltung den Betroffenen eine Stimme verleihen sollte. Die Politik habe hierf\u00fcr andere Plattformen: Die Aussch\u00fcsse. Die Schulgemeinde erwarte eine L\u00f6sung auf die Probleme. Samstagsunterricht soll dabei ausgeschlossen werden.<\/p>\n\n\n\n<p>\u201eNach dem Forum haben wir uns in der vergangenen Woche mit Vertretern aus Schul- und Baudezernat in unserer Fraktion ausgetauscht\u201c, so Lenz. Hier ging es insbesondere um Fakten. Wichtig war den GR\u00dcNEN nocheinmal einen \u00dcberblick \u00fcber vorhandene und ben\u00f6tigte Fl\u00e4chen an der Schule zu bekommen. Von den 6.500 qm Nutzungsfl\u00e4chen an dem Gymnasium k\u00f6nnen nach der Sperrung der Obergeschosse nur noch 5.558 qm genutzt werden. Au\u00dferdem fehlen die mit der Aufstockung urspr\u00fcnglich &nbsp;eingeplanten 611 qm. Aktuell hat damit das Riesener Gymnasium 1.553 qm Nutzungsfl\u00e4chen zu wenig. \u201eF\u00fcr einen modernen, zukunftsf\u00e4higen Schulstandort m\u00fcssen wir mindestens 10.000 qm Nutzungsfl\u00e4chen einplanen\u201c, meint Lenz. Auf diesen Weg m\u00fcsse man sich jetzt mit den Planungen begeben.<\/p>\n\n\n\n<p>Dass der \u201eTanz auf der Briefmarke\u201c, wie die Verwaltung die Aufgabe mit Blick auf das verf\u00fcgbare Schulgrundst\u00fcck nennt, eine besondere Herausforderung darstellt, sehen auch die GR\u00dcNEN. \u201eWir wollen einen Neubau auf dem Parkplatz neben der Sporthalle so schnell wie m\u00f6glich in die Wege leiten\u201c, meint Lenz. Die Bebauung des Jovyplatzes sei vom Tisch. Die wird auch von den GR\u00dcNEN abgelehnt.<\/p>\n\n\n\n<hr class=\"wp-block-separator has-css-opacity is-style-default\"\/>\n\n\n\n<figure class=\"wp-block-image aligncenter size-full is-resized is-style-rounded\"><img loading=\"lazy\" decoding=\"async\" src=\"https:\/\/www.gruene-gladbeck.de\/cms\/wp-content\/uploads\/2022\/11\/ninja_quadr-edited.jpg\" alt=\"\" class=\"wp-image-3630\" width=\"150\" height=\"150\" srcset=\"https:\/\/www.gruene-gladbeck.de\/cms\/wp-content\/uploads\/2022\/11\/ninja_quadr-edited.jpg 758w, https:\/\/www.gruene-gladbeck.de\/cms\/wp-content\/uploads\/2022\/11\/ninja_quadr-edited-400x400.jpg 400w, https:\/\/www.gruene-gladbeck.de\/cms\/wp-content\/uploads\/2022\/11\/ninja_quadr-edited-150x150.jpg 150w\" sizes=\"auto, (max-width: 150px) 100vw, 150px\" \/><\/figure>\n\n\n\n<blockquote class=\"wp-block-quote has-text-align-center is-style-large is-layout-flow wp-block-quote-is-layout-flow\"><p>\u201eWir wollen die beste L\u00f6sung f\u00fcr das Riesener Gymnasium.\u201c<\/p><cite>\u2013 Ninja Lenz, <em>Fraktionsvorsitzende<\/em><\/cite><\/blockquote>\n\n\n\n<hr class=\"wp-block-separator has-css-opacity is-style-default\"\/>\n\n\n\n<p>\u201eWir k\u00f6nnen und m\u00fcssen in die H\u00f6he bauen!\u201c F\u00fcnf Geschosse inklusive einer Souterrain-Ebene ist f\u00fcr die GR\u00dcNEN auch aus \u00f6kologischen, fl\u00e4chensparenden Gr\u00fcnden absolut darstellbar. \u201eWir wollen die beste L\u00f6sung f\u00fcr das Riesener Gymnasium\u201c, sagt die GR\u00dcNEN-Politikerin. Diese erziele man \u00fcber einen Architekten-Wettbewerb. \u201eGerade der Wettbewerb um die beste L\u00f6sung erzeuge viele, kreative Ideen in unterschiedlichen Varianten, die wir so vielleicht noch gar nicht auf dem Schirm haben!\u201c Die GR\u00dcNEN hatten in ihrem Gespr\u00e4ch mit der Verwaltung schon signalisiert, dass sie den Weg f\u00fcr einen Wettbewerb frei machen und Vorbereitungen hierf\u00fcr bereits eingeleitet werden k\u00f6nnen. Von Seiten der GR\u00dcNEN m\u00fcsse man nicht auf Entscheidungen in der M\u00e4rz-Sitzung warten. \u201eWir GR\u00dcNE sind bereit, sofort den Startschuss zu geben! Die Sch\u00fclerinnen und Sch\u00fcler erwarten das von uns!\u201c<\/p>\n","protected":false},"excerpt":{"rendered":"<p>GR\u00dcNE offen f\u00fcr Dringlichkeitsentscheidung \u201eWir brauchen nicht noch einen Monat zu warten\u201c, macht Ninja Lenz f\u00fcr die GR\u00dcNEN bez\u00fcglich des [&hellip;]<\/p>\n","protected":false},"author":-1,"featured_media":3670,"comment_status":"closed","ping_status":"closed","sticky":false,"template":"","format":"standard","meta":{"ngg_post_thumbnail":0,"footnotes":""},"categories":[1,6,8,11],"tags":[],"class_list":["post-3669","post","type-post","status-publish","format-standard","has-post-thumbnail","hentry","category-allgemein","category-jugend","category-schule","category-stadtplanung"],"_links":{"self":[{"href":"https:\/\/www.gruene-gladbeck.de\/index.php?rest_route=\/wp\/v2\/posts\/3669","targetHints":{"allow":["GET"]}}],"collection":[{"href":"https:\/\/www.gruene-gladbeck.de\/index.php?rest_route=\/wp\/v2\/posts"}],"about":[{"href":"https:\/\/www.gruene-gladbeck.de\/index.php?rest_route=\/wp\/v2\/types\/post"}],"author":[{"embeddable":true,"href":"https:\/\/www.gruene-gladbeck.de\/index.php?rest_route=\/wp\/v2\/users\/11"}],"replies":[{"embeddable":true,"href":"https:\/\/www.gruene-gladbeck.de\/index.php?rest_route=%2Fwp%2Fv2%2Fcomments&post=3669"}],"version-history":[{"count":1,"href":"https:\/\/www.gruene-gladbeck.de\/index.php?rest_route=\/wp\/v2\/posts\/3669\/revisions"}],"predecessor-version":[{"id":3671,"href":"https:\/\/www.gruene-gladbeck.de\/index.php?rest_route=\/wp\/v2\/posts\/3669\/revisions\/3671"}],"wp:featuredmedia":[{"embeddable":true,"href":"https:\/\/www.gruene-gladbeck.de\/index.php?rest_route=\/wp\/v2\/media\/3670"}],"wp:attachment":[{"href":"https:\/\/www.gruene-gladbeck.de\/index.php?rest_route=%2Fwp%2Fv2%2Fmedia&parent=3669"}],"wp:term":[{"taxonomy":"category","embeddable":true,"href":"https:\/\/www.gruene-gladbeck.de\/index.php?rest_route=%2Fwp%2Fv2%2Fcategories&post=3669"},{"taxonomy":"post_tag","embeddable":true,"href":"https:\/\/www.gruene-gladbeck.de\/index.php?rest_route=%2Fwp%2Fv2%2Ftags&post=3669"}],"curies":[{"name":"wp","href":"https:\/\/api.w.org\/{rel}","templated":true}]}}