{"id":3672,"date":"2023-02-11T12:48:32","date_gmt":"2023-02-11T11:48:32","guid":{"rendered":"https:\/\/www.gruene-gladbeck.de\/?p=3672"},"modified":"2023-02-11T12:48:34","modified_gmt":"2023-02-11T11:48:34","slug":"gruene-genderneutraler-zugang-zu-rathaustoiletten-schafft-barrierefreiheit","status":"publish","type":"post","link":"https:\/\/www.gruene-gladbeck.de\/?p=3672","title":{"rendered":"GR\u00dcNE: Genderneutraler Zugang zu Rathaustoiletten schafft Barrierefreiheit\u00a0"},"content":{"rendered":"\n<h2 class=\"wp-block-heading\"><strong>Vorschlag nutzt insbesondere \u00e4lteren Damen<\/strong><\/h2>\n\n\n\n<p><strong>Die GR\u00dcNEN w\u00fcnschen sich genderneutrale Eing\u00e4nge zu den \u00f6ffentlichen Toiletten am Rathaus. Das hat einen Hintergrund, der insbesondere \u00e4lteren Nutzerinnen der Anlage zu Gute kommen soll. Die Toiletten wurden j\u00fcngst von der Verwaltung modernisiert. Wegen der stark gestiegenen Kosten besch\u00e4ftigte sich der Rat mit dem Thema.<\/strong><\/p>\n\n\n\n<p>Lange Zeit waren die Toiletten am Rathaus nicht gerade ein Aush\u00e4ngeschild der Stadt. Deshalb lie\u00df die Verwaltung die Toiletten im vergangenen Jahr aufwendig modernisieren. Statt der kalkulierten 100.000 EUR wurden hierf\u00fcr letztendlich aber 185.000 EUR aufgewendet. Hierf\u00fcr musste sich die Stadtverwaltung in der Finanzausschusssitzung und im Rat rechtfertigen. Die erhebliche Kostensteigerung erkl\u00e4rten die st\u00e4dtischen Vertreter unter anderem mit der zuvor nicht eingeplanten Sanierung der Behindertentoilette und der Erneuerung der L\u00fcftungsanlage. Der Rat segnete daraufhin die Kostensteigerung ab.<\/p>\n\n\n\n<hr class=\"wp-block-separator has-css-opacity is-style-default\"\/>\n\n\n\n<figure class=\"wp-block-image aligncenter size-full is-resized is-style-rounded\"><img loading=\"lazy\" decoding=\"async\" src=\"https:\/\/www.gruene-gladbeck.de\/cms\/wp-content\/uploads\/2022\/11\/ninja_quadr-edited.jpg\" alt=\"\" class=\"wp-image-3630\" width=\"150\" height=\"150\" srcset=\"https:\/\/www.gruene-gladbeck.de\/cms\/wp-content\/uploads\/2022\/11\/ninja_quadr-edited.jpg 758w, https:\/\/www.gruene-gladbeck.de\/cms\/wp-content\/uploads\/2022\/11\/ninja_quadr-edited-400x400.jpg 400w, https:\/\/www.gruene-gladbeck.de\/cms\/wp-content\/uploads\/2022\/11\/ninja_quadr-edited-150x150.jpg 150w\" sizes=\"auto, (max-width: 150px) 100vw, 150px\" \/><\/figure>\n\n\n\n<blockquote class=\"wp-block-quote has-text-align-center is-style-large is-layout-flow wp-block-quote-is-layout-flow\"><p>\u201eEntfernt die Geschlechtersymbole an den Eingangst\u00fcren und \u00e4lteren Menschen ist sofort geholfen!\u201c<\/p><cite>\u2013 Ninja Lenz, <em>Fraktionsvorsitzende<\/em><\/cite><\/blockquote>\n\n\n\n<hr class=\"wp-block-separator has-css-opacity is-style-default\"\/>\n\n\n\n<p>\u201eDie Modernisierung der Toiletten ist gelungen\u201c, meint auch Ninja Lenz. Das werde von vielen B\u00fcrgerinnen und B\u00fcrgern zur\u00fcck gespiegelt. Eine Ver\u00e4nderung h\u00e4tte man nach Ansicht der GR\u00dcNEN jedoch ebenfalls umsetzen k\u00f6nnen: genderneutrale Eing\u00e4nge. Momentan gibt es zwei Eing\u00e4nge von au\u00dfen in die Toilettenanlage: Einen f\u00fcr Frauen und einen f\u00fcr M\u00e4nner. Seit der Modernisierung treffen beide Eing\u00e4nge aber in einen gemeinsamen Vorraum. \u201eWer schonmal erlebt hat, wie sich \u00e4ltere Damen mit Gehhilfe durch den Eingang der Frauen gek\u00e4mpft haben, fragt sich, ob die Unterscheidung sinnvoll ist\u201c, sagt Lenz. Der Eingang f\u00fcr Frauen sei, anders als der f\u00fcr M\u00e4nner, n\u00e4mlich nicht barrierefrei. Obwohl auch mobilit\u00e4tseingeschr\u00e4nkte Frauen einfacher den niveaugleichen Eingang der M\u00e4nner nutzen k\u00f6nnten, achten insbesondere \u00e4ltere Menschen streng auf die Geschlechterausweisung an den T\u00fcren. Die L\u00f6sung f\u00fcr die GR\u00dcNEN ist ganz einfach: \u201eEntfernt die Geschlechtersymbole an den Eingangst\u00fcren und \u00e4lteren Menschen ist sofort geholfen!\u201c. Im Innenbereich wird dann im Vorraum wieder auf die Herren- und Damentoiletten verwiesen. Ihren Verbesserungsvorschlag haben die GR\u00dcNEN am Rande der Ratssitzung an B\u00fcrgermeisterin Bettina Weist (SPD) weiter gegeben.<\/p>\n","protected":false},"excerpt":{"rendered":"<p>Vorschlag nutzt insbesondere \u00e4lteren Damen Die GR\u00dcNEN w\u00fcnschen sich genderneutrale Eing\u00e4nge zu den \u00f6ffentlichen Toiletten am Rathaus. Das hat einen [&hellip;]<\/p>\n","protected":false},"author":-1,"featured_media":3673,"comment_status":"closed","ping_status":"closed","sticky":false,"template":"","format":"standard","meta":{"ngg_post_thumbnail":0,"footnotes":""},"categories":[1,144,9],"tags":[],"class_list":["post-3672","post","type-post","status-publish","format-standard","has-post-thumbnail","hentry","category-allgemein","category-frauen","category-soziales"],"_links":{"self":[{"href":"https:\/\/www.gruene-gladbeck.de\/index.php?rest_route=\/wp\/v2\/posts\/3672","targetHints":{"allow":["GET"]}}],"collection":[{"href":"https:\/\/www.gruene-gladbeck.de\/index.php?rest_route=\/wp\/v2\/posts"}],"about":[{"href":"https:\/\/www.gruene-gladbeck.de\/index.php?rest_route=\/wp\/v2\/types\/post"}],"author":[{"embeddable":true,"href":"https:\/\/www.gruene-gladbeck.de\/index.php?rest_route=\/wp\/v2\/users\/11"}],"replies":[{"embeddable":true,"href":"https:\/\/www.gruene-gladbeck.de\/index.php?rest_route=%2Fwp%2Fv2%2Fcomments&post=3672"}],"version-history":[{"count":1,"href":"https:\/\/www.gruene-gladbeck.de\/index.php?rest_route=\/wp\/v2\/posts\/3672\/revisions"}],"predecessor-version":[{"id":3674,"href":"https:\/\/www.gruene-gladbeck.de\/index.php?rest_route=\/wp\/v2\/posts\/3672\/revisions\/3674"}],"wp:featuredmedia":[{"embeddable":true,"href":"https:\/\/www.gruene-gladbeck.de\/index.php?rest_route=\/wp\/v2\/media\/3673"}],"wp:attachment":[{"href":"https:\/\/www.gruene-gladbeck.de\/index.php?rest_route=%2Fwp%2Fv2%2Fmedia&parent=3672"}],"wp:term":[{"taxonomy":"category","embeddable":true,"href":"https:\/\/www.gruene-gladbeck.de\/index.php?rest_route=%2Fwp%2Fv2%2Fcategories&post=3672"},{"taxonomy":"post_tag","embeddable":true,"href":"https:\/\/www.gruene-gladbeck.de\/index.php?rest_route=%2Fwp%2Fv2%2Ftags&post=3672"}],"curies":[{"name":"wp","href":"https:\/\/api.w.org\/{rel}","templated":true}]}}