{"id":3717,"date":"2023-05-24T13:41:43","date_gmt":"2023-05-24T12:41:43","guid":{"rendered":"https:\/\/www.gruene-gladbeck.de\/?p=3717"},"modified":"2024-12-05T19:19:34","modified_gmt":"2024-12-05T18:19:34","slug":"kampf-gegen-rechts-bleibt-aufgabe-aller-demokraten","status":"publish","type":"post","link":"https:\/\/www.gruene-gladbeck.de\/?p=3717","title":{"rendered":"Kampf gegen Rechts bleibt Aufgabe aller Demokraten"},"content":{"rendered":"\n<p><\/p>\n\n\n\n<h2 class=\"wp-block-heading\">Reaktion auf den Leserbrief von Hans-J\u00fcrgen Zernfeld in der WAZ<\/h2>\n\n\n\n<p>\u201eDer Kampf gegen Rechts bleibt weiterhin eine Aufgabe und eine Verpflichtung aller Demokraten. Insofern sind wir dankbar, f\u00fcr die Debatte, die Hans-J\u00fcrgen Zernfeld mit seinem Leserbrief angesto\u00dfen hat.\u201c<\/p>\n\n\n\n<p>Auch wir sind sehr entt\u00e4uscht, dass die Gladbecker Politik beim Kampf gegen Rechtsradikalismus nicht zusammensteht. Herr Zernfeld \u0301s Kritik am Desinteresse einer Mehrheit der Gladbecker Parteien an den letzten Aktionen des B\u00fcndnisses teilen wir im Grundsatz. Als Beispiele hat Herr Zernfeld hier die Veranstaltung zum Holocaust Gedenktag am 27.1. und die Gegenveranstaltung zur Demo der AFD am 14.5. konkret benannt.<\/p>\n\n\n\n<p>Das Fernbleiben von Vertretern der demokratischen Parteien unserer Stadt, unter anderem auch der Partei, der Herr Zernfeld selber angeh\u00f6rt, der SPD, als st\u00e4rkste Fraktion in unserer Stadt, ist auch uns aufgefallen.<\/p>\n\n\n\n<p>F\u00fcr uns Gr\u00fcne in Gladbeck, die den Kampf gegen Rechts sehr ernst nehmen, gilt dies jedoch nicht. Der Holocaustgedenktag wurde unter anderem von Ramona Karatas, stellvertretende Fraktionsvorsitzende der Gr\u00fcnen und Mitglied des B\u00fcndnisses f\u00fcr Courage, mitorganisiert und an diesem Tag begleitet.<\/p>\n\n\n\n<p>Auch f\u00fcr die Gegendemonstration zur Hetzkampagne der AfD gegen die Fl\u00fcchtlingsunterkunft am 14.5. hat Ramona Karatas bis zuletzt Werbung gemacht und weitere Gruppen mobilisiert die sich der AFD entgegengestellt. Mit ihr vor Ort waren Simone Steffen sowie Nicole und Frederic Uschmann .<\/p>\n\n\n\n<p>F\u00fcr zuk\u00fcnftige Veranstaltungen, bei denen sich Rechtsradikale und Rechtspopulisten in unserer Stadt zu Hetze und Hass versammeln, w\u00fcnschen wir Gr\u00fcnen uns, dass die Gladbecker Politik und die Stadtgesellschaft beim Kampf gegen Rechtsradikalismus regelm\u00e4\u00dfig und geschlossen zusammenstehen.<\/p>\n\n\n\n<hr class=\"wp-block-separator has-css-opacity is-style-default\"\/>\n\n\n\n<figure class=\"wp-block-image aligncenter size-large is-resized is-style-rounded\"><img loading=\"lazy\" decoding=\"async\" src=\"https:\/\/www.gruene-gladbeck.de\/cms\/wp-content\/uploads\/2022\/11\/frederic_quadr-edited-800x800.jpg\" alt=\"\" class=\"wp-image-3635\" width=\"150\" height=\"150\" srcset=\"https:\/\/www.gruene-gladbeck.de\/cms\/wp-content\/uploads\/2022\/11\/frederic_quadr-edited-800x800.jpg 800w, https:\/\/www.gruene-gladbeck.de\/cms\/wp-content\/uploads\/2022\/11\/frederic_quadr-edited-400x400.jpg 400w, https:\/\/www.gruene-gladbeck.de\/cms\/wp-content\/uploads\/2022\/11\/frederic_quadr-edited-150x150.jpg 150w, https:\/\/www.gruene-gladbeck.de\/cms\/wp-content\/uploads\/2022\/11\/frederic_quadr-edited-768x768.jpg 768w, https:\/\/www.gruene-gladbeck.de\/cms\/wp-content\/uploads\/2022\/11\/frederic_quadr-edited.jpg 887w\" sizes=\"auto, (max-width: 150px) 100vw, 150px\" \/><\/figure>\n\n\n\n<blockquote class=\"wp-block-quote has-text-align-center is-style-large is-layout-flow wp-block-quote-is-layout-flow\">\n<p>\u201eToleranz, Offenheit, Menschenrechte, Vielfalt sind Teil unserer Gr\u00fcnen DNA.\u201c<\/p>\n<cite>\u2013 Frederic Uschmann, <em>Stadtverbandsvorsitzender<\/em><\/cite><\/blockquote>\n\n\n\n<hr class=\"wp-block-separator has-css-opacity is-style-default\"\/>\n\n\n\n<p>Die Vereinbarung, die ein Gro\u00dfteil der Gladbecker Vertretungen im Rat der Stadt Gladbeck zum Umgang mit der rechtspopulistischen AfD unterschrieben hat, war und ist hierf\u00fcr ein Beispiel., F\u00fcr den Kampf gegen rechte, menschenfeindliche Ideologie sind wir jederzeit bereit einzustehen. Toleranz, Offenheit, Menschenrechte, Vielfalt sind Teil unserer Gr\u00fcnen DNA.<\/p>\n\n\n\n<p>Daher hoffen wir, dass das B\u00fcndnis den Schulterschluss mit der Politik sucht und stehen zu Gespr\u00e4chen vor diesem Hintergrund bereit. Denn: Nur ein breiter Schulterschluss aus der Mitte der Gesellschaft kann rechtes Gedankengut in die Schranken weisen. Hierf\u00fcr braucht es mehr als nur das B\u00fcndnis f\u00fcr Courage und uns Gr\u00fcne: N\u00e4mlich alle demokratischen Parteien. Denn was alle angeht, k\u00f6nnen nur alle l\u00f6sen. Jeder Versuch einzelner Gruppen, f\u00fcr sich zu l\u00f6sen, was alle angeht, wird scheitern.<\/p>\n","protected":false},"excerpt":{"rendered":"<p>Reaktion auf den Leserbrief von Hans-J\u00fcrgen Zernfeld in der WAZ \u201eDer Kampf gegen Rechts bleibt weiterhin eine Aufgabe und eine [&hellip;]<\/p>\n","protected":false},"author":-1,"featured_media":0,"comment_status":"closed","ping_status":"closed","sticky":false,"template":"","format":"standard","meta":{"ngg_post_thumbnail":0,"footnotes":""},"categories":[1,3,5],"tags":[],"class_list":["post-3717","post","type-post","status-publish","format-standard","hentry","category-allgemein","category-gruenzeug","category-integration"],"_links":{"self":[{"href":"https:\/\/www.gruene-gladbeck.de\/index.php?rest_route=\/wp\/v2\/posts\/3717","targetHints":{"allow":["GET"]}}],"collection":[{"href":"https:\/\/www.gruene-gladbeck.de\/index.php?rest_route=\/wp\/v2\/posts"}],"about":[{"href":"https:\/\/www.gruene-gladbeck.de\/index.php?rest_route=\/wp\/v2\/types\/post"}],"author":[{"embeddable":true,"href":"https:\/\/www.gruene-gladbeck.de\/index.php?rest_route=\/wp\/v2\/users\/11"}],"replies":[{"embeddable":true,"href":"https:\/\/www.gruene-gladbeck.de\/index.php?rest_route=%2Fwp%2Fv2%2Fcomments&post=3717"}],"version-history":[{"count":1,"href":"https:\/\/www.gruene-gladbeck.de\/index.php?rest_route=\/wp\/v2\/posts\/3717\/revisions"}],"predecessor-version":[{"id":3719,"href":"https:\/\/www.gruene-gladbeck.de\/index.php?rest_route=\/wp\/v2\/posts\/3717\/revisions\/3719"}],"wp:attachment":[{"href":"https:\/\/www.gruene-gladbeck.de\/index.php?rest_route=%2Fwp%2Fv2%2Fmedia&parent=3717"}],"wp:term":[{"taxonomy":"category","embeddable":true,"href":"https:\/\/www.gruene-gladbeck.de\/index.php?rest_route=%2Fwp%2Fv2%2Fcategories&post=3717"},{"taxonomy":"post_tag","embeddable":true,"href":"https:\/\/www.gruene-gladbeck.de\/index.php?rest_route=%2Fwp%2Fv2%2Ftags&post=3717"}],"curies":[{"name":"wp","href":"https:\/\/api.w.org\/{rel}","templated":true}]}}