{"id":3810,"date":"2024-11-27T18:11:11","date_gmt":"2024-11-27T17:11:11","guid":{"rendered":"https:\/\/www.gruene-gladbeck.de\/?p=3810"},"modified":"2024-12-05T18:16:49","modified_gmt":"2024-12-05T17:16:49","slug":"wir-ehren-unsere-langjaehrigen-mitglieder","status":"publish","type":"post","link":"https:\/\/www.gruene-gladbeck.de\/?p=3810","title":{"rendered":"Wir ehren unsere langj\u00e4hrigen Mitglieder"},"content":{"rendered":"\n<p>Auf der Mitgliederversammlung des Stadtverbandes von B\u00fcndnis 90\/DIE GR\u00dcNEN wurden zwei langj\u00e4hrige Mitglieder geehrt: 40 Jahre halten Georg Laacks und Theodor Schulte bereits unserer Partei die Treue! Beide sind seit 1984 Mitglied.&nbsp;<\/p>\n\n\n\n<p>Georg Laacks hat den gr\u00fcnen Stadtverband von Beginn an gepr\u00e4ngt. Er war Vorsitzender der ersten gr\u00fcnen Fraktion im Gladbecker Stadtrat. Als Ratsmitglied und sachkundiger B\u00fcrger gestaltete er viele Jahre die gr\u00fcne Politik. Ein Schwerpunkt seiner politischen Arbeit lag dabei lange Zeit im Sportausschuss.<\/p>\n\n\n\n<p>Theo Schulte war Teil der ersten schwarz-gr\u00fcnen Koalition im Gladbecker Stadtrat. Was heute l\u00e4ngst gelebte Praxis auch auf L\u00e4nderebene ist, war seinerzeit deutschlandweit eines der ersten B\u00fcndnisse dieser Art. 10 Jahre war Theo stellvertretender B\u00fcrgermeister.<\/p>\n\n\n\n<p>Stadtverbandsvorsitzender Bernd Lehmann und Kreisverbandsvorsitzende Nicole Uschmann bedankten sich f\u00fcr das jahrzehntelange Engagement.<\/p>\n","protected":false},"excerpt":{"rendered":"<p>Auf der Mitgliederversammlung des Stadtverbandes von B\u00fcndnis 90\/DIE GR\u00dcNEN wurden zwei langj\u00e4hrige Mitglieder geehrt: 40 Jahre halten Georg Laacks und [&hellip;]<\/p>\n","protected":false},"author":-1,"featured_media":3811,"comment_status":"closed","ping_status":"closed","sticky":false,"template":"","format":"standard","meta":{"ngg_post_thumbnail":0,"footnotes":""},"categories":[1,3],"tags":[],"class_list":["post-3810","post","type-post","status-publish","format-standard","has-post-thumbnail","hentry","category-allgemein","category-gruenzeug"],"_links":{"self":[{"href":"https:\/\/www.gruene-gladbeck.de\/index.php?rest_route=\/wp\/v2\/posts\/3810","targetHints":{"allow":["GET"]}}],"collection":[{"href":"https:\/\/www.gruene-gladbeck.de\/index.php?rest_route=\/wp\/v2\/posts"}],"about":[{"href":"https:\/\/www.gruene-gladbeck.de\/index.php?rest_route=\/wp\/v2\/types\/post"}],"author":[{"embeddable":true,"href":"https:\/\/www.gruene-gladbeck.de\/index.php?rest_route=\/wp\/v2\/users\/11"}],"replies":[{"embeddable":true,"href":"https:\/\/www.gruene-gladbeck.de\/index.php?rest_route=%2Fwp%2Fv2%2Fcomments&post=3810"}],"version-history":[{"count":1,"href":"https:\/\/www.gruene-gladbeck.de\/index.php?rest_route=\/wp\/v2\/posts\/3810\/revisions"}],"predecessor-version":[{"id":3812,"href":"https:\/\/www.gruene-gladbeck.de\/index.php?rest_route=\/wp\/v2\/posts\/3810\/revisions\/3812"}],"wp:featuredmedia":[{"embeddable":true,"href":"https:\/\/www.gruene-gladbeck.de\/index.php?rest_route=\/wp\/v2\/media\/3811"}],"wp:attachment":[{"href":"https:\/\/www.gruene-gladbeck.de\/index.php?rest_route=%2Fwp%2Fv2%2Fmedia&parent=3810"}],"wp:term":[{"taxonomy":"category","embeddable":true,"href":"https:\/\/www.gruene-gladbeck.de\/index.php?rest_route=%2Fwp%2Fv2%2Fcategories&post=3810"},{"taxonomy":"post_tag","embeddable":true,"href":"https:\/\/www.gruene-gladbeck.de\/index.php?rest_route=%2Fwp%2Fv2%2Ftags&post=3810"}],"curies":[{"name":"wp","href":"https:\/\/api.w.org\/{rel}","templated":true}]}}