{"id":3928,"date":"2025-04-10T20:20:16","date_gmt":"2025-04-10T19:20:16","guid":{"rendered":"https:\/\/www.gruene-gladbeck.de\/?p=3928"},"modified":"2025-04-10T20:20:18","modified_gmt":"2025-04-10T19:20:18","slug":"spd-und-cdu-verhindern-ratsentscheidung-gegen-bezahlkarte-gruene-kritisieren-taktisches-manoever","status":"publish","type":"post","link":"https:\/\/www.gruene-gladbeck.de\/?p=3928","title":{"rendered":"SPD und CDU verhindern Ratsentscheidung gegen Bezahlkarte \u2013 Gr\u00fcne kritisieren taktisches Man\u00f6ver"},"content":{"rendered":"\n<p><strong>In der Ratssitzung wurde die Entscheidung \u00fcber die Einf\u00fchrung der Bezahlkarte f\u00fcr Gefl\u00fcchtete kurzfristig von der Tagesordnung genommen. B\u00fcrgermeisterin Bettina Weist (SPD) beantragte diesen Schritt mit Verweis auf die j\u00fcngsten Verhandlungsergebnisse der m\u00f6glichen Koalition aus CDU, CSU und SPD in Berlin, die eine bundesweite Einf\u00fchrung der Bezahlkarte vors\u00e4he.<\/strong><\/p>\n\n\n\n<p>Dieser taktische Schachzug erfolgte, obwohl der Sozialausschuss der Stadt Gladbeck, einschlie\u00dflich der SPD-Fraktion, sich zuvor gegen die Einf\u00fchrung der Bezahlkarte ausgesprochen hatte. Das derzeit etablierte System mit Basiskonten bei der Stadtsparkasse funktioniert reibungslos und ohne bekannte Missbrauchsf\u00e4lle.<\/p>\n\n\n\n<p>Bernd Lehmann, Fraktionsvorsitzender der Gr\u00fcnen im Gladbecker Stadtrat, kritisierte das Vorgehen scharf: &#8222;Es kann nicht sein, dass der bayerische Ministerpr\u00e4sident die Tagesordnung im Gladbecker Rat bestimmt. Der Koalitionsvertrag auf Bundesebene ist noch nicht unterschrieben, die SPD-Mitgliederbefragung steht noch aus. Selbst bei einer Zustimmung m\u00fcssten erst entsprechende Gesetze f\u00fcr die Bezahlkarte auf den Weg gebracht werden.&#8220;<\/p>\n\n\n\n<hr class=\"wp-block-separator has-css-opacity is-style-default\"\/>\n\n\n\n<figure class=\"wp-block-image aligncenter size-large is-resized is-style-rounded\"><img loading=\"lazy\" decoding=\"async\" width=\"800\" height=\"800\" src=\"https:\/\/www.gruene-gladbeck.de\/cms\/wp-content\/uploads\/2022\/10\/BerndL_quad-800x800.jpg\" alt=\"\" class=\"wp-image-3331\" style=\"width:150px;height:150px\" srcset=\"https:\/\/www.gruene-gladbeck.de\/cms\/wp-content\/uploads\/2022\/10\/BerndL_quad-800x800.jpg 800w, https:\/\/www.gruene-gladbeck.de\/cms\/wp-content\/uploads\/2022\/10\/BerndL_quad-400x400.jpg 400w, https:\/\/www.gruene-gladbeck.de\/cms\/wp-content\/uploads\/2022\/10\/BerndL_quad-150x150.jpg 150w, https:\/\/www.gruene-gladbeck.de\/cms\/wp-content\/uploads\/2022\/10\/BerndL_quad-768x768.jpg 768w, https:\/\/www.gruene-gladbeck.de\/cms\/wp-content\/uploads\/2022\/10\/BerndL_quad-1536x1536.jpg 1536w, https:\/\/www.gruene-gladbeck.de\/cms\/wp-content\/uploads\/2022\/10\/BerndL_quad-2048x2048.jpg 2048w\" sizes=\"auto, (max-width: 800px) 100vw, 800px\" \/><\/figure>\n\n\n\n<blockquote class=\"wp-block-quote has-text-align-center is-style-large is-layout-flow wp-block-quote-is-layout-flow\">\n<p>\u201eDer Sozialausschuss hat sich klar f\u00fcr diese Opt-out-Option ausgesprochen, weil die Bezahlkarte unn\u00f6tige Kosten und Mehraufwand verursacht.&#8220;<\/p>\n<cite>\u2013 Bernd Lehmann, Fraktionsvorsitzender<\/cite><\/blockquote>\n\n\n\n<hr class=\"wp-block-separator has-css-opacity is-style-default\"\/>\n\n\n\n<p>Lehmann verwies auf die aktuelle Landesverordnung, die vorsieht, dass die Bezahlkarte in den St\u00e4dten des Landes eingef\u00fchrt wird, wenn diese nicht aktiv von ihrer Opt-out-M\u00f6glichkeit Gebrauch machen. &#8222;Der Sozialausschuss hat sich klar f\u00fcr diese Opt-out-Option ausgesprochen, weil die Bezahlkarte unn\u00f6tige Kosten und Mehraufwand verursacht.&#8220;<\/p>\n\n\n\n<p>Nach Angaben des Sozialdezernenten w\u00fcrde f\u00fcr die Verwaltung der Karte eine neue Stelle mit Kosten von rund 80.000 Euro pro Jahr ben\u00f6tigt. &#8222;Das ist Geld, das wir deutlich sinnvoller in Sprachkurse, Begegnungsprojekte oder Integrationsberatung investieren k\u00f6nnten&#8220;, so Lehmann. Hinzu k\u00e4men Kosten f\u00fcr technische Infrastruktur, Kl\u00e4rung von Defekt- und Verlustf\u00e4llen sowie Einzelfallpr\u00fcfungen.<\/p>\n\n\n\n<p>W\u00e4hrend der Debatte unterbrachen Ratsleute von CDU und FDP die Ausf\u00fchrungen des Gr\u00fcnen-Fraktionsvorsitzenden mit dem Vorwurf, diese seien dogmatisch. Lehmann hierzu: &#8222;Dogmatisch ist es, eine Bezahlkarte ohne sachliche Gr\u00fcnde einzuf\u00fchren, nur um die Schw\u00e4chsten der Gesellschaft zu reglementieren.&#8220;<\/p>\n\n\n\n<p>Ungekl\u00e4rt blieb die Frage, ob die Bezahlkarte durch die Nichtbefassung des Rates nun automatisch eingef\u00fchrt wird, obwohl sich der Sozialausschuss dagegen ausgesprochen hatte. Die Ratsmehrheit aus CDU, SPD, AfD und FDP sorgte mit ihren Stimmen daf\u00fcr, dass der Punkt von der Tagesordnung genommen wurde. Die Gr\u00fcnen-Fraktion wird weiterhin f\u00fcr einen menschlichen Umgang mit Gefl\u00fcchteten und gegen unn\u00f6tige b\u00fcrokratische H\u00fcrden eintreten.<\/p>\n\n\n\n<p><a href=\"https:\/\/www.gruene-gladbeck.de\/?p=3887\">Weitere Infos zur Bezahlbare<\/a><\/p>\n\n\n\n<p><\/p>\n","protected":false},"excerpt":{"rendered":"<p>In der Ratssitzung wurde die Entscheidung \u00fcber die Einf\u00fchrung der Bezahlkarte f\u00fcr Gefl\u00fcchtete kurzfristig von der Tagesordnung genommen. B\u00fcrgermeisterin Bettina [&hellip;]<\/p>\n","protected":false},"author":-1,"featured_media":3888,"comment_status":"closed","ping_status":"closed","sticky":false,"template":"","format":"standard","meta":{"ngg_post_thumbnail":0,"footnotes":""},"categories":[9],"tags":[],"class_list":["post-3928","post","type-post","status-publish","format-standard","has-post-thumbnail","hentry","category-soziales"],"_links":{"self":[{"href":"https:\/\/www.gruene-gladbeck.de\/index.php?rest_route=\/wp\/v2\/posts\/3928","targetHints":{"allow":["GET"]}}],"collection":[{"href":"https:\/\/www.gruene-gladbeck.de\/index.php?rest_route=\/wp\/v2\/posts"}],"about":[{"href":"https:\/\/www.gruene-gladbeck.de\/index.php?rest_route=\/wp\/v2\/types\/post"}],"author":[{"embeddable":true,"href":"https:\/\/www.gruene-gladbeck.de\/index.php?rest_route=\/wp\/v2\/users\/11"}],"replies":[{"embeddable":true,"href":"https:\/\/www.gruene-gladbeck.de\/index.php?rest_route=%2Fwp%2Fv2%2Fcomments&post=3928"}],"version-history":[{"count":1,"href":"https:\/\/www.gruene-gladbeck.de\/index.php?rest_route=\/wp\/v2\/posts\/3928\/revisions"}],"predecessor-version":[{"id":3929,"href":"https:\/\/www.gruene-gladbeck.de\/index.php?rest_route=\/wp\/v2\/posts\/3928\/revisions\/3929"}],"wp:featuredmedia":[{"embeddable":true,"href":"https:\/\/www.gruene-gladbeck.de\/index.php?rest_route=\/wp\/v2\/media\/3888"}],"wp:attachment":[{"href":"https:\/\/www.gruene-gladbeck.de\/index.php?rest_route=%2Fwp%2Fv2%2Fmedia&parent=3928"}],"wp:term":[{"taxonomy":"category","embeddable":true,"href":"https:\/\/www.gruene-gladbeck.de\/index.php?rest_route=%2Fwp%2Fv2%2Fcategories&post=3928"},{"taxonomy":"post_tag","embeddable":true,"href":"https:\/\/www.gruene-gladbeck.de\/index.php?rest_route=%2Fwp%2Fv2%2Ftags&post=3928"}],"curies":[{"name":"wp","href":"https:\/\/api.w.org\/{rel}","templated":true}]}}