{"id":3982,"date":"2025-06-19T18:00:00","date_gmt":"2025-06-19T17:00:00","guid":{"rendered":"https:\/\/www.gruene-gladbeck.de\/?p=3982"},"modified":"2025-06-28T18:30:46","modified_gmt":"2025-06-28T17:30:46","slug":"gruene-fordern-dialog-und-unterstuetzung-nach-ineos-schliessungsentscheidung","status":"publish","type":"post","link":"https:\/\/www.gruene-gladbeck.de\/?p=3982","title":{"rendered":"GR\u00dcNE fordern Dialog und Unterst\u00fctzung nach INEOS-Schlie\u00dfungsentscheidung"},"content":{"rendered":"\n<p>Mit Best\u00fcrzung und gro\u00dfer Sorge haben die GR\u00dcNEN in Gladbeck die Entscheidung der INEOS-Unternehmensf\u00fchrung zur dauerhaften Schlie\u00dfung des Standorts in Gladbeck aufgenommen. Diese Entscheidung gef\u00e4hrdet nicht nur 279 Arbeitspl\u00e4tze, sondern stellt auch einen erheblichen Einschnitt f\u00fcr die industrielle Struktur der gesamten Emscher-Lippe-Region dar.<\/p>\n\n\n\n<p>&#8222;Die Standortentscheidung f\u00fcr Antwerpen und gegen Gladbeck ist f\u00fcr uns nicht nachvollziehbar, insbesondere angesichts der Investitionen, die zuletzt in den Standort geflossen sind&#8220;, erkl\u00e4rt Bernd Lehmann, Fraktionsvorsitzender der GR\u00dcNEN im Rat der Stadt Gladbeck. &#8222;Stadt und Land m\u00fcssen hier gemeinsam auf INEOS zugehen und alle M\u00f6glichkeiten pr\u00fcfen, wie diese Entscheidung noch revidiert werden kann.&#8220;<\/p>\n\n\n\n<p>Die GR\u00dcNEN w\u00fcnschen sich von INEOS einen transparenten Dialog mit allen Beteiligten und die Offenlegung der Entscheidungsgr\u00fcnde. Zudem m\u00fcssen die Interessen der Besch\u00e4ftigten und ihrer Familien in dieser schwierigen Situation oberste Priorit\u00e4t haben.<\/p>\n\n\n\n<p>Die GR\u00dcNEN sehen in der Ank\u00fcndigung auch ein strukturelles Problem: &#8222;Die Zukunft des Phenol-Standortes in Gladbeck und die Zukunft der Chemie-Kompetenz der Emscher-Lippe-Region werden wir auch auf Landesebene thematisieren&#8220;, betont Jan Matzoll, Landtagsabgeordneter und Sprecher im Landtagsausschussf\u00fcr Wirtschaft, Industrie, Klimaschutz und Energie. &#8222;Die aktuelle Situation f\u00fchrt uns erneut vor Augen, dass wir die heimischen Standorte sichern m\u00fcssen, um Abh\u00e4ngigkeiten von Importen zu reduzieren. Daf\u00fcr setzen wir uns ein. Wir stehen solidarisch an der Seite der Besch\u00e4ftigten und unterst\u00fctzen den Betriebsrat in seiner Forderung nach einer \u00dcberpr\u00fcfung der Standortentscheidung.&#8220;<\/p>\n","protected":false},"excerpt":{"rendered":"<p>Mit Best\u00fcrzung und gro\u00dfer Sorge haben die GR\u00dcNEN in Gladbeck die Entscheidung der INEOS-Unternehmensf\u00fchrung zur dauerhaften Schlie\u00dfung des Standorts in [&hellip;]<\/p>\n","protected":false},"author":-1,"featured_media":3985,"comment_status":"closed","ping_status":"closed","sticky":false,"template":"","format":"standard","meta":{"ngg_post_thumbnail":0,"footnotes":""},"categories":[9,11,13],"tags":[],"class_list":["post-3982","post","type-post","status-publish","format-standard","has-post-thumbnail","hentry","category-soziales","category-stadtplanung","category-wirtschaft"],"_links":{"self":[{"href":"https:\/\/www.gruene-gladbeck.de\/index.php?rest_route=\/wp\/v2\/posts\/3982","targetHints":{"allow":["GET"]}}],"collection":[{"href":"https:\/\/www.gruene-gladbeck.de\/index.php?rest_route=\/wp\/v2\/posts"}],"about":[{"href":"https:\/\/www.gruene-gladbeck.de\/index.php?rest_route=\/wp\/v2\/types\/post"}],"author":[{"embeddable":true,"href":"https:\/\/www.gruene-gladbeck.de\/index.php?rest_route=\/wp\/v2\/users\/11"}],"replies":[{"embeddable":true,"href":"https:\/\/www.gruene-gladbeck.de\/index.php?rest_route=%2Fwp%2Fv2%2Fcomments&post=3982"}],"version-history":[{"count":1,"href":"https:\/\/www.gruene-gladbeck.de\/index.php?rest_route=\/wp\/v2\/posts\/3982\/revisions"}],"predecessor-version":[{"id":3984,"href":"https:\/\/www.gruene-gladbeck.de\/index.php?rest_route=\/wp\/v2\/posts\/3982\/revisions\/3984"}],"wp:featuredmedia":[{"embeddable":true,"href":"https:\/\/www.gruene-gladbeck.de\/index.php?rest_route=\/wp\/v2\/media\/3985"}],"wp:attachment":[{"href":"https:\/\/www.gruene-gladbeck.de\/index.php?rest_route=%2Fwp%2Fv2%2Fmedia&parent=3982"}],"wp:term":[{"taxonomy":"category","embeddable":true,"href":"https:\/\/www.gruene-gladbeck.de\/index.php?rest_route=%2Fwp%2Fv2%2Fcategories&post=3982"},{"taxonomy":"post_tag","embeddable":true,"href":"https:\/\/www.gruene-gladbeck.de\/index.php?rest_route=%2Fwp%2Fv2%2Ftags&post=3982"}],"curies":[{"name":"wp","href":"https:\/\/api.w.org\/{rel}","templated":true}]}}