{"id":4151,"date":"2025-10-23T08:00:00","date_gmt":"2025-10-23T07:00:00","guid":{"rendered":"https:\/\/www.gruene-gladbeck.de\/?p=4151"},"modified":"2025-10-25T10:06:34","modified_gmt":"2025-10-25T09:06:34","slug":"groesstes-investitionsprogramm-in-der-nrw-geschichte-staerkt-auch-gladbeck","status":"publish","type":"post","link":"https:\/\/www.gruene-gladbeck.de\/?p=4151","title":{"rendered":"Gr\u00f6\u00dftes Investitionsprogramm in der NRW-Geschichte st\u00e4rkt auch Gladbeck"},"content":{"rendered":"\n<p><strong>Die GR\u00dcNEN begr\u00fc\u00dfen ausdr\u00fccklich den von der schwarz-gr\u00fcnen Landesregierung beschlossenen \u201eNordrhein-Westfalen-Plan f\u00fcr gute Infrastruktur\u201c. 35.185.524,31 Euro erh\u00e4lt die Stadt Gladbeck dadurch allein aus den pauschalen Zuweisungen. Diese Mittel k\u00f6nnen unb\u00fcrokratisch und flexibel eingesetzt werden und schaffen neue Spielr\u00e4ume f\u00fcr dringend notwendige Investitionen vor Ort.<\/strong><\/p>\n\n\n\n<p>Insgesamt flie\u00dfen 21,3 Milliarden Euro aus dem Investitionsplan des Landes direkt an die Kommunen, um in den kommenden zw\u00f6lf Jahren Schulen, Kitas, Stra\u00dfen, Br\u00fccken, Radwege, Sportst\u00e4tten, Bahnh\u00f6fe und Verwaltungsgeb\u00e4ude zu modernisieren.<\/p>\n\n\n\n<p>Bernd Lehmann, gr\u00fcner Stadtverbandsvorsitzender, erkl\u00e4rt: \u201eDas ist ein positives Signal f\u00fcr unsere Stadt und ein sichtbarer Erfolg der schwarz-gr\u00fcnen Koalition in D\u00fcsseldorf. Damit werden wir auch in Gladbeck in die Lage versetzt, unsere Infrastruktur nachhaltig zu verbessern.\u201c<\/p>\n\n\n\n<p>Die GR\u00dcNEN sehen die Gladbecker Stadtverwaltung und die Kommunalpolitik nun in der Verantwortung, Projekte zu identifizieren und vorzubereiten. \u201eJetzt m\u00fcssen wir die richtigen Priorit\u00e4ten und Entscheidungen treffen, damit wir die Investitionshilfen in Gladbeck bedarfsgerecht einsetzen k\u00f6nnen. Statt weiter Autobahntr\u00e4ume mit hohem Personaleinsatz zu verfolgen, haben wir jetzt die Chance, wichtige Zukunftsinvestitionen umzusetzen\u201c, so Lehmann weiter. Zu den Projekten, die aus Sicht der GR\u00dcNEN besonders geeignet sind, geh\u00f6ren unter anderem:<\/p>\n\n\n\n<ul class=\"wp-block-list\">\n<li>die Aufstockung und Modernisierung des Riesener-Gymnasiums,<\/li>\n\n\n\n<li>die Sanierung der Br\u00fccken in Zweckel, der Europabr\u00fccke und der Br\u00fccke an der Buerschen Stra\u00dfe,<\/li>\n\n\n\n<li>der Ausbau und die Sanierung der Gladbecker Bahnh\u00f6fe, insbesondere der Neubau des Bahnhofs Ost mit dem neuen Busbahnhof an der Grabenstra\u00dfe,<\/li>\n\n\n\n<li>der weitere Ausbau der Radinfrastruktur im gesamten Stadtgebiet,<\/li>\n\n\n\n<li>die Sanierung des Freibades und des Hallenbades,<\/li>\n\n\n\n<li>der geplante Sportpark an der Enfieldstra\u00dfe.<\/li>\n<\/ul>\n\n\n\n<p>Mit den jetzt bereitgestellten Mitteln erh\u00e4lt Gladbeck neue finanzielle Handlungsspielr\u00e4ume, um wichtige Projekte voranzutreiben und die st\u00e4dtische Infrastruktur nachhaltig zu st\u00e4rken. Die GR\u00dcNEN sehen darin eine Chance, die Lebensqualit\u00e4t in Gladbeck langfristig zu verbessern und die Stadt klimafreundlicher, moderner und zukunftsf\u00e4higer zu gestalten.<\/p>\n","protected":false},"excerpt":{"rendered":"<p>Die GR\u00dcNEN begr\u00fc\u00dfen ausdr\u00fccklich den von der schwarz-gr\u00fcnen Landesregierung beschlossenen \u201eNordrhein-Westfalen-Plan f\u00fcr gute Infrastruktur\u201c. 35.185.524,31 Euro erh\u00e4lt die Stadt Gladbeck [&hellip;]<\/p>\n","protected":false},"author":-1,"featured_media":4152,"comment_status":"closed","ping_status":"closed","sticky":false,"template":"","format":"standard","meta":{"ngg_post_thumbnail":0,"footnotes":""},"categories":[4,149,11,142],"tags":[],"class_list":["post-4151","post","type-post","status-publish","format-standard","has-post-thumbnail","hentry","category-finanzen","category-klimaschutz","category-stadtplanung","category-verkehr"],"_links":{"self":[{"href":"https:\/\/www.gruene-gladbeck.de\/index.php?rest_route=\/wp\/v2\/posts\/4151","targetHints":{"allow":["GET"]}}],"collection":[{"href":"https:\/\/www.gruene-gladbeck.de\/index.php?rest_route=\/wp\/v2\/posts"}],"about":[{"href":"https:\/\/www.gruene-gladbeck.de\/index.php?rest_route=\/wp\/v2\/types\/post"}],"author":[{"embeddable":true,"href":"https:\/\/www.gruene-gladbeck.de\/index.php?rest_route=\/wp\/v2\/users\/11"}],"replies":[{"embeddable":true,"href":"https:\/\/www.gruene-gladbeck.de\/index.php?rest_route=%2Fwp%2Fv2%2Fcomments&post=4151"}],"version-history":[{"count":2,"href":"https:\/\/www.gruene-gladbeck.de\/index.php?rest_route=\/wp\/v2\/posts\/4151\/revisions"}],"predecessor-version":[{"id":4154,"href":"https:\/\/www.gruene-gladbeck.de\/index.php?rest_route=\/wp\/v2\/posts\/4151\/revisions\/4154"}],"wp:featuredmedia":[{"embeddable":true,"href":"https:\/\/www.gruene-gladbeck.de\/index.php?rest_route=\/wp\/v2\/media\/4152"}],"wp:attachment":[{"href":"https:\/\/www.gruene-gladbeck.de\/index.php?rest_route=%2Fwp%2Fv2%2Fmedia&parent=4151"}],"wp:term":[{"taxonomy":"category","embeddable":true,"href":"https:\/\/www.gruene-gladbeck.de\/index.php?rest_route=%2Fwp%2Fv2%2Fcategories&post=4151"},{"taxonomy":"post_tag","embeddable":true,"href":"https:\/\/www.gruene-gladbeck.de\/index.php?rest_route=%2Fwp%2Fv2%2Ftags&post=4151"}],"curies":[{"name":"wp","href":"https:\/\/api.w.org\/{rel}","templated":true}]}}