{"id":4206,"date":"2025-12-09T20:59:10","date_gmt":"2025-12-09T19:59:10","guid":{"rendered":"https:\/\/www.gruene-gladbeck.de\/?p=4206"},"modified":"2025-12-10T08:20:11","modified_gmt":"2025-12-10T07:20:11","slug":"keine-bezahlkarte-fuer-gefluechtete-wir-begruessen-klare-empfehlung-des-sozialausschusses-und-fordern-ende-der-symbolpolitik","status":"publish","type":"post","link":"https:\/\/www.gruene-gladbeck.de\/?p=4206","title":{"rendered":"Keine Bezahlkarte f\u00fcr Gefl\u00fcchtete\u00a0\u00a0\u2013 Wir begr\u00fc\u00dfen klare Empfehlung des Sozialausschusses und fordern Ende der Symbolpolitik"},"content":{"rendered":"\n<p><strong>Wir begr\u00fc\u00dfen ausdr\u00fccklich die deutliche Empfehlung des Ausschusses f\u00fcr Senioren, Soziales und Gesundheit, von der Opt-Out-Regelung der Bezahlkartenverordnung NRW Gebrauch zu machen und die Einf\u00fchrung der Bezahlkarte f\u00fcr Gefl\u00fcchtete nicht vorzunehmen. Bereits im M\u00e4rz 2025 hatte sich der Ausschuss \u2013 <a href=\"https:\/\/www.gruene-gladbeck.de\/?p=3887\">auf unsere Initiative<\/a> \u2013 mit den Stimmen von SPD und LINKEN klar gegen die Bezahlkarte ausgesprochen. <a href=\"https:\/\/www.gruene-gladbeck.de\/?p=3928\">Doch die SPD wackelte im Rat<\/a>, als es zu den Koalitionsverhandlungen auf Bundesebene mit der CDU kam und die Entscheidung wurde vertagt.<\/strong><\/p>\n\n\n\n<p>Jetzt, viele Monate sp\u00e4ter, liegt mit der erneuten Beratung im Sozialausschuss das Ergebnis vor, das wir GR\u00dcNE von Anfang an erwartet haben: Die Bezahlkarte ist Symbolpolitik \u2013 teuer, b\u00fcrokratisch, unausgereift und integrationshemmend.<\/p>\n\n\n\n<h2 class=\"wp-block-heading\">\u201eUnsere Argumente waren richtig\u201c \u2013 Verwaltung best\u00e4tigt massive praktische Probleme<\/h2>\n\n\n\n<p>Die Verwaltung best\u00e4tigt nun schwarz auf wei\u00df, was wir GR\u00dcNEN seit Monaten anf\u00fchren: Die Bezahlkarte f\u00fchrt in der Praxis zu mehr B\u00fcrokratie, mehr Kosten, mehr Einzelfallpr\u00fcfungen und weniger Freiheit f\u00fcr die Betroffenen, ohne irgendeinen erkennbaren Mehrwert zu schaffen.<\/p>\n\n\n\n<hr class=\"wp-block-separator has-css-opacity is-style-default\"\/>\n\n\n\n<figure class=\"wp-block-image aligncenter size-large is-resized is-style-rounded\"><img loading=\"lazy\" decoding=\"async\" width=\"800\" height=\"800\" src=\"https:\/\/www.gruene-gladbeck.de\/cms\/wp-content\/uploads\/2025\/12\/miriam_wojke_quadr-1-800x800.jpg\" alt=\"\" class=\"wp-image-4220\" style=\"width:150px;height:150px\" srcset=\"https:\/\/www.gruene-gladbeck.de\/cms\/wp-content\/uploads\/2025\/12\/miriam_wojke_quadr-1-800x800.jpg 800w, https:\/\/www.gruene-gladbeck.de\/cms\/wp-content\/uploads\/2025\/12\/miriam_wojke_quadr-1-400x400.jpg 400w, https:\/\/www.gruene-gladbeck.de\/cms\/wp-content\/uploads\/2025\/12\/miriam_wojke_quadr-1-150x150.jpg 150w, https:\/\/www.gruene-gladbeck.de\/cms\/wp-content\/uploads\/2025\/12\/miriam_wojke_quadr-1-768x768.jpg 768w, https:\/\/www.gruene-gladbeck.de\/cms\/wp-content\/uploads\/2025\/12\/miriam_wojke_quadr-1-1536x1536.jpg 1536w, https:\/\/www.gruene-gladbeck.de\/cms\/wp-content\/uploads\/2025\/12\/miriam_wojke_quadr-1-2048x2048.jpg 2048w\" sizes=\"auto, (max-width: 800px) 100vw, 800px\" \/><\/figure>\n\n\n\n<blockquote class=\"wp-block-quote has-text-align-center is-style-large is-layout-flow wp-block-quote-is-layout-flow\">\n<p>\u201eDie Bezahlkarte l\u00f6st keine Probleme \u2013 sie schafft neue. Was als Instrument gegen angeblichen Missbrauch verkauft wurde, entpuppt sich als b\u00fcrokratisches Monster.\u201c<\/p>\n<cite>\u2013 Miriam Wojke, <em>sachkundige B\u00fcrgerin<\/em><\/cite><\/blockquote>\n\n\n\n<hr class=\"wp-block-separator has-css-opacity is-style-default\"\/>\n\n\n\n<p>Besonders das sogenannte Whitelist-Verfahren w\u00fcrde Gladbeck mit einem massiven Mehraufwand belasten: Jede \u00dcberweisung \u2013 vom Sportvereinsbeitrag bis zum Stromabschlag \u2013 m\u00fcsste einzeln gepr\u00fcft, genehmigt und als Verwaltungsakt dokumentiert werden. Die Verwaltung spricht von mindestens einer zus\u00e4tzlichen Vollzeitstelle und rund 85.000 Euro an laufenden Kosten \u2013 ohne irgendeine Entlastung.<\/p>\n\n\n\n<p>Die technische Umsetzung gilt zudem landesweit als instabil; bis heute hat keine einzige Kommune in NRW das System operativ eingef\u00fchrt.<\/p>\n\n\n\n<p>Miriam Wojke, unsere sachkundige B\u00fcrgerin im Ausschuss f\u00fcr Senioren, Soziales und Gesundheit: \u201eDie Debatte der letzten Monate zeigt deutlich: Die Bezahlkarte l\u00f6st keine Probleme \u2013 sie schafft neue. Was als Instrument gegen angeblichen Missbrauch verkauft wurde, entpuppt sich als b\u00fcrokratisches Monster. Die Verwaltung best\u00e4tigt, dass das System weder technisch bereit noch rechtlich praktikabel ist. Die Menschen, die unsere Unterst\u00fctzung brauchen, haben ein Recht auf funktionierende Verfahren statt auf Wahlkampfget\u00f6se.\u201c<\/p>\n\n\n\n<h2 class=\"wp-block-heading\">CDU will Thema 2026 erneut aufmachen \u2013 GR\u00dcNE kritisieren st\u00e4ndige Symboldebatten<\/h2>\n\n\n\n<p>Kritisch sehen wir die Ank\u00fcndigung der CDU, das Thema im n\u00e4chsten Jahr erneut behandeln zu wollen. Frederic Uschmann, unser Fraktionsvorsitzender: \u201eW\u00e4hrend 150 Kommunen in NRW l\u00e4ngst Nein gesagt haben und landesweit bisher niemand die Bezahlkarte einf\u00fchren kann, h\u00e4lt die CDU unbeirrt an einer Idee fest, die bereits technisch, praktisch und rechtlich gescheitert ist. Wer das Thema 2026 wieder aufw\u00e4rmt, produziert nur weitere Scheindebatten auf dem R\u00fccken von Gefl\u00fcchteten \u2013 und bindet Ressourcen, die wir f\u00fcr echte Integrationsarbeit brauchen.\u201c<\/p>\n\n\n\n<hr class=\"wp-block-separator has-css-opacity is-style-default\"\/>\n\n\n\n<figure class=\"wp-block-image aligncenter size-large is-resized is-style-rounded\"><img loading=\"lazy\" decoding=\"async\" width=\"800\" height=\"800\" src=\"https:\/\/www.gruene-gladbeck.de\/cms\/wp-content\/uploads\/2025\/12\/frederic2025_quad-800x800.jpg\" alt=\"\" class=\"wp-image-4207\" style=\"width:150px;height:150px\" srcset=\"https:\/\/www.gruene-gladbeck.de\/cms\/wp-content\/uploads\/2025\/12\/frederic2025_quad-800x800.jpg 800w, https:\/\/www.gruene-gladbeck.de\/cms\/wp-content\/uploads\/2025\/12\/frederic2025_quad-400x400.jpg 400w, https:\/\/www.gruene-gladbeck.de\/cms\/wp-content\/uploads\/2025\/12\/frederic2025_quad-150x150.jpg 150w, https:\/\/www.gruene-gladbeck.de\/cms\/wp-content\/uploads\/2025\/12\/frederic2025_quad-768x768.jpg 768w, https:\/\/www.gruene-gladbeck.de\/cms\/wp-content\/uploads\/2025\/12\/frederic2025_quad-1536x1536.jpg 1536w, https:\/\/www.gruene-gladbeck.de\/cms\/wp-content\/uploads\/2025\/12\/frederic2025_quad-2048x2048.jpg 2048w\" sizes=\"auto, (max-width: 800px) 100vw, 800px\" \/><\/figure>\n\n\n\n<blockquote class=\"wp-block-quote has-text-align-center is-style-large is-layout-flow wp-block-quote-is-layout-flow\">\n<p>\u201eGladbeck braucht keine Bezahlkarte. Wir brauchen eine Sozialpolitik, die Menschen unterst\u00fctzt statt stigmatisiert. Jetzt ist der Moment, Klarheit zu schaffen und die bisherigen, funktionierenden Auszahlungswege beizubehalten.\u201c<\/p>\n<cite>\u2013 Frederic Uschmann, <em>Fraktionsvorsitzender<\/em><\/cite><\/blockquote>\n\n\n\n<hr class=\"wp-block-separator has-css-opacity is-style-default\"\/>\n\n\n\n<h2 class=\"wp-block-heading\">GR\u00dcNE rufen Rat zu klarer Haltung auf<\/h2>\n\n\n\n<p>Am 18. Dezember entscheidet der Rat endg\u00fcltig. Wir fordern eine eindeutige Entscheidung gegen die Bezahlkarte \u2013 entsprechend dem urspr\u00fcnglichen Antrag und dem jetzigen Votum des Ausschusses.<\/p>\n\n\n\n<p>Frederic Uschmann abschlie\u00dfend: \u201eGladbeck braucht keine Bezahlkarte. Wir brauchen eine Sozialpolitik, die Menschen unterst\u00fctzt statt stigmatisiert. Jetzt ist der Moment, Klarheit zu schaffen und die bisherigen, funktionierenden Auszahlungswege beizubehalten.\u201c<\/p>\n","protected":false},"excerpt":{"rendered":"<p>Wir begr\u00fc\u00dfen ausdr\u00fccklich die deutliche Empfehlung des Ausschusses f\u00fcr Senioren, Soziales und Gesundheit, von der Opt-Out-Regelung der Bezahlkartenverordnung NRW Gebrauch [&hellip;]<\/p>\n","protected":false},"author":-1,"featured_media":4208,"comment_status":"closed","ping_status":"closed","sticky":false,"template":"","format":"standard","meta":{"ngg_post_thumbnail":0,"footnotes":""},"categories":[165,9],"tags":[],"class_list":["post-4206","post","type-post","status-publish","format-standard","has-post-thumbnail","hentry","category-sicherheit-und-ordnung","category-soziales"],"_links":{"self":[{"href":"https:\/\/www.gruene-gladbeck.de\/index.php?rest_route=\/wp\/v2\/posts\/4206","targetHints":{"allow":["GET"]}}],"collection":[{"href":"https:\/\/www.gruene-gladbeck.de\/index.php?rest_route=\/wp\/v2\/posts"}],"about":[{"href":"https:\/\/www.gruene-gladbeck.de\/index.php?rest_route=\/wp\/v2\/types\/post"}],"author":[{"embeddable":true,"href":"https:\/\/www.gruene-gladbeck.de\/index.php?rest_route=\/wp\/v2\/users\/11"}],"replies":[{"embeddable":true,"href":"https:\/\/www.gruene-gladbeck.de\/index.php?rest_route=%2Fwp%2Fv2%2Fcomments&post=4206"}],"version-history":[{"count":7,"href":"https:\/\/www.gruene-gladbeck.de\/index.php?rest_route=\/wp\/v2\/posts\/4206\/revisions"}],"predecessor-version":[{"id":4223,"href":"https:\/\/www.gruene-gladbeck.de\/index.php?rest_route=\/wp\/v2\/posts\/4206\/revisions\/4223"}],"wp:featuredmedia":[{"embeddable":true,"href":"https:\/\/www.gruene-gladbeck.de\/index.php?rest_route=\/wp\/v2\/media\/4208"}],"wp:attachment":[{"href":"https:\/\/www.gruene-gladbeck.de\/index.php?rest_route=%2Fwp%2Fv2%2Fmedia&parent=4206"}],"wp:term":[{"taxonomy":"category","embeddable":true,"href":"https:\/\/www.gruene-gladbeck.de\/index.php?rest_route=%2Fwp%2Fv2%2Fcategories&post=4206"},{"taxonomy":"post_tag","embeddable":true,"href":"https:\/\/www.gruene-gladbeck.de\/index.php?rest_route=%2Fwp%2Fv2%2Ftags&post=4206"}],"curies":[{"name":"wp","href":"https:\/\/api.w.org\/{rel}","templated":true}]}}